

{"id":924,"date":"2017-01-23T14:16:41","date_gmt":"2017-01-23T13:16:41","guid":{"rendered":"http:\/\/www.wecycle.de\/ladenlokal\/?p=924"},"modified":"2017-01-24T10:40:40","modified_gmt":"2017-01-24T09:40:40","slug":"fabric-bikeparts-jetzt-bei-uns-erhaeltlich","status":"publish","type":"post","link":"https:\/\/www.wecycle.de\/ladenlokal\/allgemein\/fabric-bikeparts-jetzt-bei-uns-erhaeltlich","title":{"rendered":"FABRIC Bikeparts jetzt bei uns erh\u00e4ltlich"},"content":{"rendered":"<p>Jetzt bei uns erh\u00e4ltlich FABRIC Bikeparts<\/p>\n<p>Funktionalit\u00e4t, Performance, Ergonomie sowie entwicklungstechnische Pionierarbeit sind die Merkmale und die Qualit\u00e4t f\u00fcr die Fabric steht.<\/p>\n<p>Fabric befindet sich hinter dem revolution\u00e4ren Befestigungssystem der k\u00e4figlosen Flasche. <span class=\"text_exposed_show\"><br \/>\nNeben Flaschen, stellen sie Griffe, Bar-Band, Pumpen und praktische Werkzeuge her. Fabric bietet auch die modernste Sattel-Technologie auf dem Markt<\/span><\/p>\n<p><span class=\"text_exposed_show\">In Zusammenarbeit mit Flugzeug-Ingenieuren der Airbus Group Innovation wurden Carbon\u00e4ttel entwickelt, die zuvor als &#8222;unm\u00f6glich&#8220; bezeichnet wurden.<\/span><\/p>\n<p>&nbsp;<\/p>\n<div class=\"text_exposed_show\">\n<p><a class=\"_58cn\" href=\"https:\/\/www.facebook.com\/hashtag\/wecycle?source=feed_text&amp;story_id=1278294792227959\"><span class=\"_5afx\"><span class=\"_58cl _5afz\">#<\/span><span class=\"_58cm\">wecycle<\/span><\/span><\/a> <a class=\"_58cn\" href=\"https:\/\/www.facebook.com\/hashtag\/wecyclede?source=feed_text&amp;story_id=1278294792227959\"><span class=\"_5afx\"><span class=\"_58cl _5afz\">#<\/span><span class=\"_58cm\">wecyclede<\/span><\/span><\/a> <a class=\"_58cn\" href=\"https:\/\/www.facebook.com\/hashtag\/fabric?source=feed_text&amp;story_id=1278294792227959\"><span class=\"_5afx\"><span class=\"_58cl _5afz\">#<\/span><span class=\"_58cm\">fabric<\/span><\/span><\/a> <a class=\"_58cn\" href=\"https:\/\/www.facebook.com\/hashtag\/cannondale?source=feed_text&amp;story_id=1278294792227959\"><span class=\"_5afx\"><span class=\"_58cl _5afz\">#<\/span><span class=\"_58cm\">cannondale<\/span><\/span><\/a> <a class=\"_58cn\" href=\"https:\/\/www.facebook.com\/hashtag\/zubeh%C3%B6r?source=feed_text&amp;story_id=1278294792227959\"><span class=\"_5afx\"><span class=\"_58cl _5afz\">#<\/span><span class=\"_58cm\">zubeh\u00f6r<\/span><\/span><\/a> <a class=\"_58cn\" href=\"https:\/\/www.facebook.com\/hashtag\/halterlosetrinkflasche?source=feed_text&amp;story_id=1278294792227959\"><span class=\"_5afx\"><span class=\"_58cl _5afz\">#<\/span><span class=\"_58cm\">halterlosetrinkflasche<\/span><\/span><\/a> <a class=\"_58cn\" href=\"https:\/\/www.facebook.com\/hashtag\/airbusgroup?source=feed_text&amp;story_id=1278294792227959\"><span class=\"_5afx\"><span class=\"_58cl _5afz\">#<\/span><span class=\"_58cm\">airbusgroup<\/span><\/span><\/a> <a class=\"_58cn\" href=\"https:\/\/www.facebook.com\/hashtag\/tools?source=feed_text&amp;story_id=1278294792227959\"><span class=\"_5afx\"><span class=\"_58cl _5afz\">#<\/span><span class=\"_58cm\">tools<\/span><\/span><\/a> <a class=\"_58cn\" href=\"https:\/\/www.facebook.com\/hashtag\/rennrad?source=feed_text&amp;story_id=1278294792227959\"><span class=\"_5afx\"><span class=\"_58cl _5afz\">#<\/span><span class=\"_58cm\">rennrad<\/span><\/span><\/a> <a class=\"_58cn\" href=\"https:\/\/www.facebook.com\/hashtag\/mountainbike?source=feed_text&amp;story_id=1278294792227959\"><span class=\"_5afx\"><span class=\"_58cl _5afz\">#<\/span><span class=\"_58cm\">mountainbike<\/span><\/span><\/a><\/p>\n<p><a href=\"http:\/\/www.wecycle.de\/index.php?stoken=0&amp;cl=search&amp;searchparam=Fabric\" target=\"_blank\" rel=\"nofollow\">http:\/\/www.wecycle.de\/index.php\u2026<\/a><\/p>\n<\/div>\n<p>&nbsp;<\/p>\n<p><img loading=\"lazy\" decoding=\"async\" class=\"alignnone size-medium wp-image-925\" src=\"http:\/\/www.wecycle.de\/ladenlokal\/wp-content\/uploads\/2017\/01\/jdwkqlghk_p1-162x320.jpg\" alt=\"\" width=\"162\" height=\"320\" srcset=\"https:\/\/www.wecycle.de\/ladenlokal\/wp-content\/uploads\/2017\/01\/jdwkqlghk_p1-162x320.jpg 162w, https:\/\/www.wecycle.de\/ladenlokal\/wp-content\/uploads\/2017\/01\/jdwkqlghk_p1-100x197.jpg 100w, https:\/\/www.wecycle.de\/ladenlokal\/wp-content\/uploads\/2017\/01\/jdwkqlghk_p1-150x296.jpg 150w, https:\/\/www.wecycle.de\/ladenlokal\/wp-content\/uploads\/2017\/01\/jdwkqlghk_p1-200x394.jpg 200w, https:\/\/www.wecycle.de\/ladenlokal\/wp-content\/uploads\/2017\/01\/jdwkqlghk_p1-300x592.jpg 300w, https:\/\/www.wecycle.de\/ladenlokal\/wp-content\/uploads\/2017\/01\/jdwkqlghk_p1-450x888.jpg 450w, https:\/\/www.wecycle.de\/ladenlokal\/wp-content\/uploads\/2017\/01\/jdwkqlghk_p1.jpg 507w\" sizes=\"(max-width: 162px) 100vw, 162px\" \/><\/p>\n<p>&nbsp;<\/p>\n","protected":false},"excerpt":{"rendered":"<p>Jetzt bei uns erh\u00e4ltlich FABRIC Bikeparts Funktionalit\u00e4t, Performance, Ergonomie sowie entwicklungstechnische Pionierarbeit sind die Merkmale und die Qualit\u00e4t f\u00fcr die Fabric steht. Fabric befindet sich hinter dem revolution\u00e4ren Befestigungssystem der k\u00e4figlosen Flasche. Neben Flaschen, stellen sie Griffe, Bar-Band, Pumpen und<span class=\"ellipsis\">&hellip;<\/span><\/p>\n<div class=\"read-more\"><a href=\"https:\/\/www.wecycle.de\/ladenlokal\/allgemein\/fabric-bikeparts-jetzt-bei-uns-erhaeltlich\">Weiterlesen \u203a<\/a><\/div>\n<p><!-- end of .read-more --><\/p>\n","protected":false},"author":1,"featured_media":0,"comment_status":"closed","ping_status":"closed","sticky":false,"template":"","format":"standard","meta":{"_acf_changed":false,"footnotes":""},"categories":[1],"tags":[],"acf":[],"_links":{"self":[{"href":"https:\/\/www.wecycle.de\/ladenlokal\/wp-json\/wp\/v2\/posts\/924"}],"collection":[{"href":"https:\/\/www.wecycle.de\/ladenlokal\/wp-json\/wp\/v2\/posts"}],"about":[{"href":"https:\/\/www.wecycle.de\/ladenlokal\/wp-json\/wp\/v2\/types\/post"}],"author":[{"embeddable":true,"href":"https:\/\/www.wecycle.de\/ladenlokal\/wp-json\/wp\/v2\/users\/1"}],"replies":[{"embeddable":true,"href":"https:\/\/www.wecycle.de\/ladenlokal\/wp-json\/wp\/v2\/comments?post=924"}],"version-history":[{"count":0,"href":"https:\/\/www.wecycle.de\/ladenlokal\/wp-json\/wp\/v2\/posts\/924\/revisions"}],"wp:attachment":[{"href":"https:\/\/www.wecycle.de\/ladenlokal\/wp-json\/wp\/v2\/media?parent=924"}],"wp:term":[{"taxonomy":"category","embeddable":true,"href":"https:\/\/www.wecycle.de\/ladenlokal\/wp-json\/wp\/v2\/categories?post=924"},{"taxonomy":"post_tag","embeddable":true,"href":"https:\/\/www.wecycle.de\/ladenlokal\/wp-json\/wp\/v2\/tags?post=924"}],"curies":[{"name":"wp","href":"https:\/\/api.w.org\/{rel}","templated":true}]}}