

{"id":710,"date":"2017-01-18T16:45:44","date_gmt":"2017-01-18T15:45:44","guid":{"rendered":"http:\/\/www.wecycle.de\/ladenlokal\/?p=710"},"modified":"2017-01-25T11:13:53","modified_gmt":"2017-01-25T10:13:53","slug":"produkt-und-neuerung-der-woche","status":"publish","type":"post","link":"https:\/\/www.wecycle.de\/ladenlokal\/allgemein\/produkt-und-neuerung-der-woche","title":{"rendered":"Produkt und Neuerung der Woche"},"content":{"rendered":"<p>Jetzt <strong>NEU<\/strong> in unserem Onlinshop Zubeh\u00f6r Artikel der Marke <strong>Cannondale<\/strong> zum Einstand die Satteltasche Speedster 2 zum Einf\u00fchrungspreis von 24,90\u20ac<\/p>\n<p>Merkmale:<span class=\"text_exposed_show\"><br \/>\nSmall (443 cm3)<br \/>\nSeitenriemen mit Klettverschluss<br \/>\nSchnellzugriffstasche f\u00fcr Minitool etc.<br \/>\nReflektorschlaufe zum Befestigen der Sicherheitsleuchte<br \/>\n(Separat erh\u00e4ltlich)<br \/>\nDauerhafte PVC-Konstruktion mit hoher wasserabweisender Beschichtung und wetterfestem Rei\u00dfverschluss hilft Gegenst\u00e4nde trocken zu halten<\/span><\/p>\n<div class=\"text_exposed_show\">\n<p>Cannondale hat so ziemlich alles &#8211; von Pumpen und Lichtern, bis hin zu Schl\u00e4uchen und Reifenhebern. Ihr Anspruch an Qualit\u00e4t und Innovation spiegelt sich auch in deren umfangreichen Angebot an Teilen und Zubeh\u00f6r wieder.<\/p>\n<p>&nbsp;<\/p>\n<p><img loading=\"lazy\" decoding=\"async\" class=\"alignnone size-medium wp-image-713\" src=\"http:\/\/www.wecycle.de\/ladenlokal\/wp-content\/uploads\/2017\/01\/ertvxxihm_p1-320x220.jpg\" alt=\"\" width=\"320\" height=\"220\" srcset=\"https:\/\/www.wecycle.de\/ladenlokal\/wp-content\/uploads\/2017\/01\/ertvxxihm_p1-320x220.jpg 320w, https:\/\/www.wecycle.de\/ladenlokal\/wp-content\/uploads\/2017\/01\/ertvxxihm_p1-100x69.jpg 100w, https:\/\/www.wecycle.de\/ladenlokal\/wp-content\/uploads\/2017\/01\/ertvxxihm_p1-150x103.jpg 150w, https:\/\/www.wecycle.de\/ladenlokal\/wp-content\/uploads\/2017\/01\/ertvxxihm_p1-200x137.jpg 200w, https:\/\/www.wecycle.de\/ladenlokal\/wp-content\/uploads\/2017\/01\/ertvxxihm_p1-300x206.jpg 300w, https:\/\/www.wecycle.de\/ladenlokal\/wp-content\/uploads\/2017\/01\/ertvxxihm_p1-450x309.jpg 450w, https:\/\/www.wecycle.de\/ladenlokal\/wp-content\/uploads\/2017\/01\/ertvxxihm_p1-600x412.jpg 600w, https:\/\/www.wecycle.de\/ladenlokal\/wp-content\/uploads\/2017\/01\/ertvxxihm_p1-900x617.jpg 900w, https:\/\/www.wecycle.de\/ladenlokal\/wp-content\/uploads\/2017\/01\/ertvxxihm_p1.jpg 1000w\" sizes=\"(max-width: 320px) 100vw, 320px\" \/><\/p>\n<\/div>\n","protected":false},"excerpt":{"rendered":"<p>Jetzt NEU in unserem Onlinshop Zubeh\u00f6r Artikel der Marke Cannondale zum Einstand die Satteltasche Speedster 2 zum Einf\u00fchrungspreis von 24,90\u20ac Merkmale: Small (443 cm3) Seitenriemen mit Klettverschluss Schnellzugriffstasche f\u00fcr Minitool etc. Reflektorschlaufe zum Befestigen der Sicherheitsleuchte (Separat erh\u00e4ltlich) Dauerhafte PVC-Konstruktion<span class=\"ellipsis\">&hellip;<\/span><\/p>\n<div class=\"read-more\"><a href=\"https:\/\/www.wecycle.de\/ladenlokal\/allgemein\/produkt-und-neuerung-der-woche\">Weiterlesen \u203a<\/a><\/div>\n<p><!-- end of .read-more --><\/p>\n","protected":false},"author":1,"featured_media":0,"comment_status":"closed","ping_status":"closed","sticky":false,"template":"","format":"standard","meta":{"_acf_changed":false,"footnotes":""},"categories":[1,7],"tags":[],"acf":[],"_links":{"self":[{"href":"https:\/\/www.wecycle.de\/ladenlokal\/wp-json\/wp\/v2\/posts\/710"}],"collection":[{"href":"https:\/\/www.wecycle.de\/ladenlokal\/wp-json\/wp\/v2\/posts"}],"about":[{"href":"https:\/\/www.wecycle.de\/ladenlokal\/wp-json\/wp\/v2\/types\/post"}],"author":[{"embeddable":true,"href":"https:\/\/www.wecycle.de\/ladenlokal\/wp-json\/wp\/v2\/users\/1"}],"replies":[{"embeddable":true,"href":"https:\/\/www.wecycle.de\/ladenlokal\/wp-json\/wp\/v2\/comments?post=710"}],"version-history":[{"count":0,"href":"https:\/\/www.wecycle.de\/ladenlokal\/wp-json\/wp\/v2\/posts\/710\/revisions"}],"wp:attachment":[{"href":"https:\/\/www.wecycle.de\/ladenlokal\/wp-json\/wp\/v2\/media?parent=710"}],"wp:term":[{"taxonomy":"category","embeddable":true,"href":"https:\/\/www.wecycle.de\/ladenlokal\/wp-json\/wp\/v2\/categories?post=710"},{"taxonomy":"post_tag","embeddable":true,"href":"https:\/\/www.wecycle.de\/ladenlokal\/wp-json\/wp\/v2\/tags?post=710"}],"curies":[{"name":"wp","href":"https:\/\/api.w.org\/{rel}","templated":true}]}}