

{"id":584,"date":"2016-08-04T11:59:44","date_gmt":"2016-08-04T09:59:44","guid":{"rendered":"http:\/\/www.wecycle.de\/ladenlokal\/?p=584"},"modified":"2016-08-12T16:29:31","modified_gmt":"2016-08-12T14:29:31","slug":"team-we-cycle-saarschleifen-marathon","status":"publish","type":"post","link":"https:\/\/www.wecycle.de\/ladenlokal\/allgemein\/team-we-cycle-saarschleifen-marathon","title":{"rendered":"Team we cycle &#8211; Saarschleifen-Marathon"},"content":{"rendered":"<p>Am Wochenende hatten Nathalie, Markus und Matthias &#8222;Heimspiel&#8220; beim Saarschleifen-Marathon in Orscholz. Hier der Bericht dazu:<br \/>\nMarkus (98km\/2225hm):<br \/>\nAm Sonntag ging es bei herrlichem Wetter zum Marathon an die Saarschleife.<br \/>\nCa. 2 Wochen zuvor fuhr ich die Strecke bereits im Training ab und wusste so ziemlich genau was auf mich zukommt.<br \/>\nVon den Eckdaten her scheint es eigentlich eine nicht all so harte Strecke zu sein, da sie mit &#8222;nur&#8220; rund 2200hm auf 98km hat, in der Praxis allerdings geht die Strecke dann doch ganz sch\u00f6n bei und man hat wenig Zeit zum Ausruhen.<br \/>\nIn der ersten Phase des Rennens geht es schnell und wellig \u00fcber Felder, somit w\u00e4hlte ich taktische eine andere Variante als bei den Marathons zuvor:<br \/>\nIch habe bis zum ersten Anstieg hin zur Spitzengruppe nicht abrei\u00dfen lassen, bin aber daher bis dort \u00fcber meinem Limit mitgefahren.<br \/>\nKurz vor dem Gipfel \u00fcberholte mich dann Sascha Schwindling (der mit erm\u00fcdeten Beinen vom M3 Montafonmarathon doch noch an den Start ging &#8211; Hut ab davor).<br \/>\nIch habe mich dann an sein Hinterrad geklemmt und so fuhren wir erst mal ein St\u00fcck gemeinsam. Nach einiger Zeit musste ich mir aber eingestehen, dass er trotz der anstrengenden Rennkilometer der letzten Tage trotzdem die besseren Beine hatte und ich musste abrei\u00dfen lassen.<br \/>\nKurz darauf fuhr eine kleine Gruppe mit drei Fahrer auf mich auf in welcher ich auch den Rest des Rennens bis zum letzten Anstieg blieb.<br \/>\nDadurch, dass ich am Anfang des Rennens zu viele K\u00f6rner gelassen habe, fehlte mir eigentlich schon zu Anfang der zweiten Runde 2 der n\u00f6tige, gewohnte Druck und ich bin von dieser Seite aus betrachtet mit dem 6. Platz AK\/17. gesamt sehr zufrieden!<br \/>\nMatthias (53km\/1225hm):<br \/>\nKaiserwetter und beste Streckenverh\u00e4ltnisse haben das Rennen gestern staubig und schnell gemacht.<br \/>\nAnfangs tat ich mir auf den ersten Kilometern etwas schwer das hohe Tempo mitzugehen- habe dann aber, nachdem Timo Buchheit auf mich aufgeschlossen hatte meinen Rhythmus gefunden und konnte dann richtig Druck aufs Pedal bringen und mit ihm und ein paar anderen Fahrern zusammen gut Tempo machen.<br \/>\nKurz nachdem ich an die Spitze der Gruppe wechselte ging es links in einen Trail den ich leider etwas zu schnell angefahren bin und daher die ersten Meter des Trails kopf\u00fcber mit dem Rad nach oben absolvierte. Ich konnte zwar direkt weiterfahren, musste aber am Ende des Trails dennoch anhalten und den komplett verdrehten Lenker richten.<br \/>\nEinige Kilometer nach der ersten Verpflegung konnte ich dann wieder auf Timo aufschlie\u00dfen- wusste aber da schon, dass die Aufholjagd kr\u00e4ftezehrend war. Der trailgespickte Mittelteil war dann genau Timos Ding und ich verlor sein Hinterrad, das mich bis dahin gut gezogen hat.<br \/>\nDass bei meinem Sturz 2 Gels im Trikot geplatzt waren musste ich dann in H\u00f6he von Mettlach schmerzlich feststellen- nach der Bitburger Steige hat dann doch deutlich Treibstoff gefehlt. Somit bin ich mit dem 21. Platz AK\/57. gesamt dann doch noch ganz zufrieden.<br \/>\nNathalie (53km\/1225hm):<br \/>\nDurch die vielen holl\u00e4ndischen und belgischen Starterinnen war die Konkurrenz dieses Mal entsprechend hoch.<br \/>\nSo musste ich in den Abfahrten immer schauen, m\u00f6glichst viel Zeit rauszufahren, da es mir momentan am Berg etwas schwer f\u00e4llt. Das Rennen an sich war toll organisiert, der bisher sch\u00f6nste Marathon den ich je gefahren bin. Spa\u00dfige, auch mal etwas anspruchsvollere Trails und eine tolle Aussicht auf die Saarschleife!<br \/>\nUnd ganz ganz toll war die Stimmung, selbst in den entlegensten Waldst\u00fccken standen Leute, die anfeuerten! N\u00e4chstes Jahr wieder, nur zu empfehlen!<br \/>\nGefinisht habe ich am Ende dann als 4. bei den Damen\/178. gesamt<br \/>\n<img loading=\"lazy\" decoding=\"async\" src=\"http:\/\/www.wecycle.de\/ladenlokal\/wp-content\/uploads\/2016\/08\/13919987_1123343014389805_1130001437993001463_o-1024x663.jpg\" alt=\"13919987_1123343014389805_1130001437993001463_o\" width=\"605\" height=\"392\" class=\"alignnone size-large wp-image-591\" srcset=\"https:\/\/www.wecycle.de\/ladenlokal\/wp-content\/uploads\/2016\/08\/13919987_1123343014389805_1130001437993001463_o-1024x663.jpg 1024w, https:\/\/www.wecycle.de\/ladenlokal\/wp-content\/uploads\/2016\/08\/13919987_1123343014389805_1130001437993001463_o-320x207.jpg 320w, https:\/\/www.wecycle.de\/ladenlokal\/wp-content\/uploads\/2016\/08\/13919987_1123343014389805_1130001437993001463_o-100x65.jpg 100w, https:\/\/www.wecycle.de\/ladenlokal\/wp-content\/uploads\/2016\/08\/13919987_1123343014389805_1130001437993001463_o-150x97.jpg 150w, https:\/\/www.wecycle.de\/ladenlokal\/wp-content\/uploads\/2016\/08\/13919987_1123343014389805_1130001437993001463_o-200x129.jpg 200w, https:\/\/www.wecycle.de\/ladenlokal\/wp-content\/uploads\/2016\/08\/13919987_1123343014389805_1130001437993001463_o-300x194.jpg 300w, https:\/\/www.wecycle.de\/ladenlokal\/wp-content\/uploads\/2016\/08\/13919987_1123343014389805_1130001437993001463_o-450x291.jpg 450w, https:\/\/www.wecycle.de\/ladenlokal\/wp-content\/uploads\/2016\/08\/13919987_1123343014389805_1130001437993001463_o-600x388.jpg 600w, https:\/\/www.wecycle.de\/ladenlokal\/wp-content\/uploads\/2016\/08\/13919987_1123343014389805_1130001437993001463_o-900x582.jpg 900w, https:\/\/www.wecycle.de\/ladenlokal\/wp-content\/uploads\/2016\/08\/13919987_1123343014389805_1130001437993001463_o.jpg 1054w\" sizes=\"(max-width: 605px) 100vw, 605px\" \/><\/p>\n<p><img loading=\"lazy\" decoding=\"async\" src=\"http:\/\/www.wecycle.de\/ladenlokal\/wp-content\/uploads\/2016\/08\/13923611_1123343007723139_6835267447573298625_o-1024x714.jpg\" alt=\"13923611_1123343007723139_6835267447573298625_o\" width=\"605\" height=\"422\" class=\"alignnone size-large wp-image-592\" srcset=\"https:\/\/www.wecycle.de\/ladenlokal\/wp-content\/uploads\/2016\/08\/13923611_1123343007723139_6835267447573298625_o-1024x714.jpg 1024w, https:\/\/www.wecycle.de\/ladenlokal\/wp-content\/uploads\/2016\/08\/13923611_1123343007723139_6835267447573298625_o-320x223.jpg 320w, https:\/\/www.wecycle.de\/ladenlokal\/wp-content\/uploads\/2016\/08\/13923611_1123343007723139_6835267447573298625_o-100x70.jpg 100w, https:\/\/www.wecycle.de\/ladenlokal\/wp-content\/uploads\/2016\/08\/13923611_1123343007723139_6835267447573298625_o-150x105.jpg 150w, https:\/\/www.wecycle.de\/ladenlokal\/wp-content\/uploads\/2016\/08\/13923611_1123343007723139_6835267447573298625_o-200x139.jpg 200w, https:\/\/www.wecycle.de\/ladenlokal\/wp-content\/uploads\/2016\/08\/13923611_1123343007723139_6835267447573298625_o-300x209.jpg 300w, https:\/\/www.wecycle.de\/ladenlokal\/wp-content\/uploads\/2016\/08\/13923611_1123343007723139_6835267447573298625_o-450x314.jpg 450w, https:\/\/www.wecycle.de\/ladenlokal\/wp-content\/uploads\/2016\/08\/13923611_1123343007723139_6835267447573298625_o-600x418.jpg 600w, https:\/\/www.wecycle.de\/ladenlokal\/wp-content\/uploads\/2016\/08\/13923611_1123343007723139_6835267447573298625_o-900x628.jpg 900w, https:\/\/www.wecycle.de\/ladenlokal\/wp-content\/uploads\/2016\/08\/13923611_1123343007723139_6835267447573298625_o.jpg 1173w\" sizes=\"(max-width: 605px) 100vw, 605px\" \/><\/p>\n<p><img loading=\"lazy\" decoding=\"async\" src=\"http:\/\/www.wecycle.de\/ladenlokal\/wp-content\/uploads\/2016\/08\/13920002_1123343201056453_7751010747323566032_o-1024x924.jpg\" alt=\"13920002_1123343201056453_7751010747323566032_o\" width=\"605\" height=\"546\" class=\"alignnone size-large wp-image-589\" srcset=\"https:\/\/www.wecycle.de\/ladenlokal\/wp-content\/uploads\/2016\/08\/13920002_1123343201056453_7751010747323566032_o-1024x924.jpg 1024w, https:\/\/www.wecycle.de\/ladenlokal\/wp-content\/uploads\/2016\/08\/13920002_1123343201056453_7751010747323566032_o-320x289.jpg 320w, https:\/\/www.wecycle.de\/ladenlokal\/wp-content\/uploads\/2016\/08\/13920002_1123343201056453_7751010747323566032_o-100x90.jpg 100w, https:\/\/www.wecycle.de\/ladenlokal\/wp-content\/uploads\/2016\/08\/13920002_1123343201056453_7751010747323566032_o-150x135.jpg 150w, https:\/\/www.wecycle.de\/ladenlokal\/wp-content\/uploads\/2016\/08\/13920002_1123343201056453_7751010747323566032_o-200x180.jpg 200w, https:\/\/www.wecycle.de\/ladenlokal\/wp-content\/uploads\/2016\/08\/13920002_1123343201056453_7751010747323566032_o-300x271.jpg 300w, https:\/\/www.wecycle.de\/ladenlokal\/wp-content\/uploads\/2016\/08\/13920002_1123343201056453_7751010747323566032_o-450x406.jpg 450w, https:\/\/www.wecycle.de\/ladenlokal\/wp-content\/uploads\/2016\/08\/13920002_1123343201056453_7751010747323566032_o-600x541.jpg 600w, https:\/\/www.wecycle.de\/ladenlokal\/wp-content\/uploads\/2016\/08\/13920002_1123343201056453_7751010747323566032_o-900x812.jpg 900w, https:\/\/www.wecycle.de\/ladenlokal\/wp-content\/uploads\/2016\/08\/13920002_1123343201056453_7751010747323566032_o.jpg 1458w\" sizes=\"(max-width: 605px) 100vw, 605px\" \/><\/p>\n<p><img loading=\"lazy\" decoding=\"async\" src=\"http:\/\/www.wecycle.de\/ladenlokal\/wp-content\/uploads\/2016\/08\/13913673_1123343407723099_2838381032389239037_o-887x1024.jpg\" alt=\"13913673_1123343407723099_2838381032389239037_o\" width=\"605\" height=\"698\" class=\"alignnone size-large wp-image-588\" srcset=\"https:\/\/www.wecycle.de\/ladenlokal\/wp-content\/uploads\/2016\/08\/13913673_1123343407723099_2838381032389239037_o-887x1024.jpg 887w, https:\/\/www.wecycle.de\/ladenlokal\/wp-content\/uploads\/2016\/08\/13913673_1123343407723099_2838381032389239037_o-277x320.jpg 277w, https:\/\/www.wecycle.de\/ladenlokal\/wp-content\/uploads\/2016\/08\/13913673_1123343407723099_2838381032389239037_o-100x115.jpg 100w, https:\/\/www.wecycle.de\/ladenlokal\/wp-content\/uploads\/2016\/08\/13913673_1123343407723099_2838381032389239037_o-150x173.jpg 150w, https:\/\/www.wecycle.de\/ladenlokal\/wp-content\/uploads\/2016\/08\/13913673_1123343407723099_2838381032389239037_o-200x231.jpg 200w, https:\/\/www.wecycle.de\/ladenlokal\/wp-content\/uploads\/2016\/08\/13913673_1123343407723099_2838381032389239037_o-300x346.jpg 300w, https:\/\/www.wecycle.de\/ladenlokal\/wp-content\/uploads\/2016\/08\/13913673_1123343407723099_2838381032389239037_o-450x520.jpg 450w, https:\/\/www.wecycle.de\/ladenlokal\/wp-content\/uploads\/2016\/08\/13913673_1123343407723099_2838381032389239037_o-600x693.jpg 600w, https:\/\/www.wecycle.de\/ladenlokal\/wp-content\/uploads\/2016\/08\/13913673_1123343407723099_2838381032389239037_o-900x1039.jpg 900w, https:\/\/www.wecycle.de\/ladenlokal\/wp-content\/uploads\/2016\/08\/13913673_1123343407723099_2838381032389239037_o.jpg 1424w\" sizes=\"(max-width: 605px) 100vw, 605px\" \/><\/p>\n<p><img loading=\"lazy\" decoding=\"async\" src=\"http:\/\/www.wecycle.de\/ladenlokal\/wp-content\/uploads\/2016\/08\/13661979_1123343221056451_2523415777399745796_o-694x1024.jpg\" alt=\"13661979_1123343221056451_2523415777399745796_o\" width=\"605\" height=\"893\" class=\"alignnone size-large wp-image-587\" srcset=\"https:\/\/www.wecycle.de\/ladenlokal\/wp-content\/uploads\/2016\/08\/13661979_1123343221056451_2523415777399745796_o-694x1024.jpg 694w, https:\/\/www.wecycle.de\/ladenlokal\/wp-content\/uploads\/2016\/08\/13661979_1123343221056451_2523415777399745796_o-217x320.jpg 217w, https:\/\/www.wecycle.de\/ladenlokal\/wp-content\/uploads\/2016\/08\/13661979_1123343221056451_2523415777399745796_o-100x148.jpg 100w, https:\/\/www.wecycle.de\/ladenlokal\/wp-content\/uploads\/2016\/08\/13661979_1123343221056451_2523415777399745796_o-150x221.jpg 150w, https:\/\/www.wecycle.de\/ladenlokal\/wp-content\/uploads\/2016\/08\/13661979_1123343221056451_2523415777399745796_o-200x295.jpg 200w, https:\/\/www.wecycle.de\/ladenlokal\/wp-content\/uploads\/2016\/08\/13661979_1123343221056451_2523415777399745796_o-300x443.jpg 300w, https:\/\/www.wecycle.de\/ladenlokal\/wp-content\/uploads\/2016\/08\/13661979_1123343221056451_2523415777399745796_o-450x664.jpg 450w, https:\/\/www.wecycle.de\/ladenlokal\/wp-content\/uploads\/2016\/08\/13661979_1123343221056451_2523415777399745796_o-600x885.jpg 600w, https:\/\/www.wecycle.de\/ladenlokal\/wp-content\/uploads\/2016\/08\/13661979_1123343221056451_2523415777399745796_o.jpg 747w\" sizes=\"(max-width: 605px) 100vw, 605px\" \/><\/p>\n","protected":false},"excerpt":{"rendered":"<p>Am Wochenende hatten Nathalie, Markus und Matthias &#8222;Heimspiel&#8220; beim Saarschleifen-Marathon in Orscholz. Hier der Bericht dazu: Markus (98km\/2225hm): Am Sonntag ging es bei herrlichem Wetter zum Marathon an die Saarschleife. Ca. 2 Wochen zuvor fuhr ich die Strecke bereits im<span class=\"ellipsis\">&hellip;<\/span><\/p>\n<div class=\"read-more\"><a href=\"https:\/\/www.wecycle.de\/ladenlokal\/allgemein\/team-we-cycle-saarschleifen-marathon\">Weiterlesen \u203a<\/a><\/div>\n<p><!-- end of .read-more --><\/p>\n","protected":false},"author":1,"featured_media":590,"comment_status":"closed","ping_status":"closed","sticky":false,"template":"","format":"standard","meta":{"_acf_changed":false,"footnotes":""},"categories":[1,3],"tags":[],"acf":[],"_links":{"self":[{"href":"https:\/\/www.wecycle.de\/ladenlokal\/wp-json\/wp\/v2\/posts\/584"}],"collection":[{"href":"https:\/\/www.wecycle.de\/ladenlokal\/wp-json\/wp\/v2\/posts"}],"about":[{"href":"https:\/\/www.wecycle.de\/ladenlokal\/wp-json\/wp\/v2\/types\/post"}],"author":[{"embeddable":true,"href":"https:\/\/www.wecycle.de\/ladenlokal\/wp-json\/wp\/v2\/users\/1"}],"replies":[{"embeddable":true,"href":"https:\/\/www.wecycle.de\/ladenlokal\/wp-json\/wp\/v2\/comments?post=584"}],"version-history":[{"count":0,"href":"https:\/\/www.wecycle.de\/ladenlokal\/wp-json\/wp\/v2\/posts\/584\/revisions"}],"wp:featuredmedia":[{"embeddable":true,"href":"https:\/\/www.wecycle.de\/ladenlokal\/wp-json\/wp\/v2\/media\/590"}],"wp:attachment":[{"href":"https:\/\/www.wecycle.de\/ladenlokal\/wp-json\/wp\/v2\/media?parent=584"}],"wp:term":[{"taxonomy":"category","embeddable":true,"href":"https:\/\/www.wecycle.de\/ladenlokal\/wp-json\/wp\/v2\/categories?post=584"},{"taxonomy":"post_tag","embeddable":true,"href":"https:\/\/www.wecycle.de\/ladenlokal\/wp-json\/wp\/v2\/tags?post=584"}],"curies":[{"name":"wp","href":"https:\/\/api.w.org\/{rel}","templated":true}]}}