

{"id":569,"date":"2016-07-04T13:15:42","date_gmt":"2016-07-04T11:15:42","guid":{"rendered":"http:\/\/www.wecycle.de\/ladenlokal\/?p=569"},"modified":"2016-07-04T13:18:15","modified_gmt":"2016-07-04T11:18:15","slug":"team-we-cycle-wiesbaden-bike-marathon","status":"publish","type":"post","link":"https:\/\/www.wecycle.de\/ladenlokal\/allgemein\/team-we-cycle-wiesbaden-bike-marathon","title":{"rendered":"Team we cycle &#8211; Wiesbaden Bike Marathon"},"content":{"rendered":"<p>Nathalie, Markus und Matthias waren am Wochenende mal wieder unterwegs &#8211; diesmal beim Wiesbaden Bike Marathon.<br \/>\nHier ihr Bericht dazu&#8230;<\/p>\n<p>Markus:<br \/>\nAufgrund der bevorstehenden DM in Saalhausen entschied sich Markus auf die Mittelstrecke mit 44km zu gehen.<br \/>\nEigentlich vom Start weg ganz gut weggekommen verhakte sich eine Fahrerin in seinem Rad und kam zu Sturz- das ganze schon nach ca. 1 Minute.<br \/>\nUnmittelbar zuvor gab es schon eine gef\u00e4hrliche Situation wegen eines ungesichert im Weg stehenden Pfostens, der f\u00fcr das Hauptfeld in der Starthektik nicht sichtbar war.<br \/>\nNach kurzem Weiterfahren entschied sich Markus das Rennen zu beenden und nach der Gesundheit der verunfallten Fahrerin zu schauen, da er nicht mehr mit freiem Kopf weiterfahren konnte. Am Unfallort angekommen war diese aber schon nicht mehr da und Markus konnte nicht mehr helfen.<br \/>\nDann schnell zum Veranstalter, Situation geschildert und umgemeldet auf die Kurzdistanz 27km. Auch hier wieder sehr gut vom Start weggekommen (erneut kamen wieder einige Fahrer an dem Pfosten zu sturz), reihte sich Markus in der schnellen F\u00fchrungsgruppe ein und konnte auch gut 30min das Tempo halten. Das \u00dcberholen im Tiefschlamm der zur\u00fcckgefallenen Fahrer der Mitteldistanz st\u00f6rte jedoch immer aufs neue den Rhythmus und so musste er irgendwann abrei\u00dfen lassen (die Spitze um Matze Lauer hat auch ordentlich Tempo gemacht, Gl\u00fcckwunsch noch von unserer Seite zum verdienten Sieg).<br \/>\nKurz vor Ende konnte Markus noch einmal richtig Druck machen und so hatte er eigentlich einen gesicherten 5. gesamt\/2. AK-Platz, bis es in den Start-\/Zielbereich ging. Dort kam es zu einem Mi\u00dfverst\u00e4ndnis und es war nicht klar, dass das Rennen noch ca. 1.5km weitergeht. Schlie\u00dflich bekam Markus dann aber von au\u00dfen mit, dass es noch eine Schlu\u00dfschleife gibt. Garmin also wieder an, rein in die Pedale und ziemlich demotiviert absolvierte er dann noch die Schlu\u00dfschleife und es sprang f\u00fcr ihn ein eigentlich noch sehr guter 9. gesamt\/4. AK-Platz heraus.<\/p>\n<p>Matthias:<br \/>\nMatthias entschied sich gesundheitlich noch leicht angeschlagen von einer abklingenden Erk\u00e4ltung von Beginn an f\u00fcr die Kurzdistanz.<br \/>\nAm ersten Anstieg unmittelbar nach dem Start fast in den Sturz verwickelt wie von Markus zuvor geschildert, galt es wieder so weit wie m\u00f6glich vor dem ersten Downhill nach vorne zu kommen. Dies gelang ihm einigerma\u00dfen und er fand dann eine gute Gruppe um sich mit ihr weiter nach vorne zu arbeiten. Bis auf einen Fahrer platzten diese aber bei Minute 45 weg. So haben sich die beiden bis in den Start-\/Zielbereich zusammen motiviert und konnten die Leistung konstant hochhalten. Auch Matthias z\u00f6gerte im Start-Zielbereich kurz aufgrund der unklaren Situation, so dass zu dem Mitfahrer eine L\u00fccke entstand, die er auf den restlichen 1.5km nicht mehr ganz schlie\u00dfen konnte.<br \/>\nMatthias finishte mit einem 24. gesamt\/10. AK-Platz.<\/p>\n<p>Nathalie:<br \/>\nUnsere Nathalie war mutig und ging auf die 84km Strecke. Daf\u00fcr wurde sie auch belohnt: zum einen mit einem gutem Ergebnis und zum anderen von Petrus, der f\u00fcr Sie die Himmelspforten \u00f6ffnete und ihr einen sch\u00f6nen Starkregen ab ca. KM 40 schickte.<br \/>\nDoch halb so wild- wie wir wissen, liebt Nathalie solche Bodenverh\u00e4ltnisse und sie konnte sich dann auch so richtig ausleben.<br \/>\nIhr Rennen verlief ansonsten unspektakul\u00e4r und ohne Defekte ab.<br \/>\nWie auch Markus und Matthias war Nathalie zum ersten Mal in Wiesbaden unterwegs und auch sie wusste nicht, was sie erwartet und mit welcher Fahrzeit sie kalkulieren muss. Sie wollte aber in jedem Fall unter 5h bleiben, was ihr mit 4.52h gut gelang und sie finishte mit Platz 78 gesamt\/4. AK<br \/>\nKLEINES UPDATE:<br \/>\nNach Ergebniskorrektur wurde Nathalie sogar 3. ihrer AK und stand damit sogar noch auf dem Treppchen!<\/p>\n<p><img loading=\"lazy\" decoding=\"async\" src=\"http:\/\/www.wecycle.de\/ladenlokal\/wp-content\/uploads\/2016\/07\/13582017_1105190472871726_8637232006778226354_o-1024x912.jpg\" alt=\"13582017_1105190472871726_8637232006778226354_o\" width=\"605\" height=\"539\" class=\"alignnone size-large wp-image-573\" srcset=\"https:\/\/www.wecycle.de\/ladenlokal\/wp-content\/uploads\/2016\/07\/13582017_1105190472871726_8637232006778226354_o-1024x912.jpg 1024w, https:\/\/www.wecycle.de\/ladenlokal\/wp-content\/uploads\/2016\/07\/13582017_1105190472871726_8637232006778226354_o-320x285.jpg 320w, https:\/\/www.wecycle.de\/ladenlokal\/wp-content\/uploads\/2016\/07\/13582017_1105190472871726_8637232006778226354_o-100x89.jpg 100w, https:\/\/www.wecycle.de\/ladenlokal\/wp-content\/uploads\/2016\/07\/13582017_1105190472871726_8637232006778226354_o-150x134.jpg 150w, https:\/\/www.wecycle.de\/ladenlokal\/wp-content\/uploads\/2016\/07\/13582017_1105190472871726_8637232006778226354_o-200x178.jpg 200w, https:\/\/www.wecycle.de\/ladenlokal\/wp-content\/uploads\/2016\/07\/13582017_1105190472871726_8637232006778226354_o-300x267.jpg 300w, https:\/\/www.wecycle.de\/ladenlokal\/wp-content\/uploads\/2016\/07\/13582017_1105190472871726_8637232006778226354_o-450x401.jpg 450w, https:\/\/www.wecycle.de\/ladenlokal\/wp-content\/uploads\/2016\/07\/13582017_1105190472871726_8637232006778226354_o-600x534.jpg 600w, https:\/\/www.wecycle.de\/ladenlokal\/wp-content\/uploads\/2016\/07\/13582017_1105190472871726_8637232006778226354_o-900x801.jpg 900w, https:\/\/www.wecycle.de\/ladenlokal\/wp-content\/uploads\/2016\/07\/13582017_1105190472871726_8637232006778226354_o.jpg 1659w\" sizes=\"(max-width: 605px) 100vw, 605px\" \/><\/p>\n<p><img loading=\"lazy\" decoding=\"async\" src=\"http:\/\/www.wecycle.de\/ladenlokal\/wp-content\/uploads\/2016\/07\/13592183_1105190216205085_7127605179527029337_n.jpg\" alt=\"13592183_1105190216205085_7127605179527029337_n\" width=\"605\" height=\"601\" class=\"alignnone size-large wp-image-574\" srcset=\"https:\/\/www.wecycle.de\/ladenlokal\/wp-content\/uploads\/2016\/07\/13592183_1105190216205085_7127605179527029337_n.jpg 712w, https:\/\/www.wecycle.de\/ladenlokal\/wp-content\/uploads\/2016\/07\/13592183_1105190216205085_7127605179527029337_n-150x149.jpg 150w, https:\/\/www.wecycle.de\/ladenlokal\/wp-content\/uploads\/2016\/07\/13592183_1105190216205085_7127605179527029337_n-320x318.jpg 320w, https:\/\/www.wecycle.de\/ladenlokal\/wp-content\/uploads\/2016\/07\/13592183_1105190216205085_7127605179527029337_n-100x99.jpg 100w, https:\/\/www.wecycle.de\/ladenlokal\/wp-content\/uploads\/2016\/07\/13592183_1105190216205085_7127605179527029337_n-200x199.jpg 200w, https:\/\/www.wecycle.de\/ladenlokal\/wp-content\/uploads\/2016\/07\/13592183_1105190216205085_7127605179527029337_n-300x298.jpg 300w, https:\/\/www.wecycle.de\/ladenlokal\/wp-content\/uploads\/2016\/07\/13592183_1105190216205085_7127605179527029337_n-450x447.jpg 450w, https:\/\/www.wecycle.de\/ladenlokal\/wp-content\/uploads\/2016\/07\/13592183_1105190216205085_7127605179527029337_n-600x596.jpg 600w\" sizes=\"(max-width: 605px) 100vw, 605px\" \/><\/p>\n<p><img loading=\"lazy\" decoding=\"async\" src=\"http:\/\/www.wecycle.de\/ladenlokal\/wp-content\/uploads\/2016\/07\/13603297_1105190442871729_8764652448693892666_o-1024x759.jpg\" alt=\"13603297_1105190442871729_8764652448693892666_o\" width=\"605\" height=\"448\" class=\"alignnone size-large wp-image-575\" srcset=\"https:\/\/www.wecycle.de\/ladenlokal\/wp-content\/uploads\/2016\/07\/13603297_1105190442871729_8764652448693892666_o-1024x759.jpg 1024w, https:\/\/www.wecycle.de\/ladenlokal\/wp-content\/uploads\/2016\/07\/13603297_1105190442871729_8764652448693892666_o-320x237.jpg 320w, https:\/\/www.wecycle.de\/ladenlokal\/wp-content\/uploads\/2016\/07\/13603297_1105190442871729_8764652448693892666_o-100x74.jpg 100w, https:\/\/www.wecycle.de\/ladenlokal\/wp-content\/uploads\/2016\/07\/13603297_1105190442871729_8764652448693892666_o-150x111.jpg 150w, https:\/\/www.wecycle.de\/ladenlokal\/wp-content\/uploads\/2016\/07\/13603297_1105190442871729_8764652448693892666_o-200x148.jpg 200w, https:\/\/www.wecycle.de\/ladenlokal\/wp-content\/uploads\/2016\/07\/13603297_1105190442871729_8764652448693892666_o-300x222.jpg 300w, https:\/\/www.wecycle.de\/ladenlokal\/wp-content\/uploads\/2016\/07\/13603297_1105190442871729_8764652448693892666_o-450x334.jpg 450w, https:\/\/www.wecycle.de\/ladenlokal\/wp-content\/uploads\/2016\/07\/13603297_1105190442871729_8764652448693892666_o-600x445.jpg 600w, https:\/\/www.wecycle.de\/ladenlokal\/wp-content\/uploads\/2016\/07\/13603297_1105190442871729_8764652448693892666_o-900x667.jpg 900w, https:\/\/www.wecycle.de\/ladenlokal\/wp-content\/uploads\/2016\/07\/13603297_1105190442871729_8764652448693892666_o.jpg 1778w\" sizes=\"(max-width: 605px) 100vw, 605px\" \/><\/p>\n<p><img loading=\"lazy\" decoding=\"async\" src=\"http:\/\/www.wecycle.de\/ladenlokal\/wp-content\/uploads\/2016\/07\/13580622_1105190429538397_1684989543969429974_o-986x1024.jpg\" alt=\"13580622_1105190429538397_1684989543969429974_o\" width=\"605\" height=\"628\" class=\"alignnone size-large wp-image-576\" srcset=\"https:\/\/www.wecycle.de\/ladenlokal\/wp-content\/uploads\/2016\/07\/13580622_1105190429538397_1684989543969429974_o-986x1024.jpg 986w, https:\/\/www.wecycle.de\/ladenlokal\/wp-content\/uploads\/2016\/07\/13580622_1105190429538397_1684989543969429974_o-308x320.jpg 308w, https:\/\/www.wecycle.de\/ladenlokal\/wp-content\/uploads\/2016\/07\/13580622_1105190429538397_1684989543969429974_o-100x104.jpg 100w, https:\/\/www.wecycle.de\/ladenlokal\/wp-content\/uploads\/2016\/07\/13580622_1105190429538397_1684989543969429974_o-150x156.jpg 150w, https:\/\/www.wecycle.de\/ladenlokal\/wp-content\/uploads\/2016\/07\/13580622_1105190429538397_1684989543969429974_o-200x208.jpg 200w, https:\/\/www.wecycle.de\/ladenlokal\/wp-content\/uploads\/2016\/07\/13580622_1105190429538397_1684989543969429974_o-300x312.jpg 300w, https:\/\/www.wecycle.de\/ladenlokal\/wp-content\/uploads\/2016\/07\/13580622_1105190429538397_1684989543969429974_o-450x467.jpg 450w, https:\/\/www.wecycle.de\/ladenlokal\/wp-content\/uploads\/2016\/07\/13580622_1105190429538397_1684989543969429974_o-600x623.jpg 600w, https:\/\/www.wecycle.de\/ladenlokal\/wp-content\/uploads\/2016\/07\/13580622_1105190429538397_1684989543969429974_o-900x935.jpg 900w, https:\/\/www.wecycle.de\/ladenlokal\/wp-content\/uploads\/2016\/07\/13580622_1105190429538397_1684989543969429974_o.jpg 1501w\" sizes=\"(max-width: 605px) 100vw, 605px\" \/><\/p>\n","protected":false},"excerpt":{"rendered":"<p>Nathalie, Markus und Matthias waren am Wochenende mal wieder unterwegs &#8211; diesmal beim Wiesbaden Bike Marathon. Hier ihr Bericht dazu&#8230; Markus: Aufgrund der bevorstehenden DM in Saalhausen entschied sich Markus auf die Mittelstrecke mit 44km zu gehen. Eigentlich vom Start<span class=\"ellipsis\">&hellip;<\/span><\/p>\n<div class=\"read-more\"><a href=\"https:\/\/www.wecycle.de\/ladenlokal\/allgemein\/team-we-cycle-wiesbaden-bike-marathon\">Weiterlesen \u203a<\/a><\/div>\n<p><!-- end of .read-more --><\/p>\n","protected":false},"author":1,"featured_media":571,"comment_status":"closed","ping_status":"closed","sticky":false,"template":"","format":"standard","meta":{"_acf_changed":false,"footnotes":""},"categories":[1,3],"tags":[],"acf":[],"_links":{"self":[{"href":"https:\/\/www.wecycle.de\/ladenlokal\/wp-json\/wp\/v2\/posts\/569"}],"collection":[{"href":"https:\/\/www.wecycle.de\/ladenlokal\/wp-json\/wp\/v2\/posts"}],"about":[{"href":"https:\/\/www.wecycle.de\/ladenlokal\/wp-json\/wp\/v2\/types\/post"}],"author":[{"embeddable":true,"href":"https:\/\/www.wecycle.de\/ladenlokal\/wp-json\/wp\/v2\/users\/1"}],"replies":[{"embeddable":true,"href":"https:\/\/www.wecycle.de\/ladenlokal\/wp-json\/wp\/v2\/comments?post=569"}],"version-history":[{"count":0,"href":"https:\/\/www.wecycle.de\/ladenlokal\/wp-json\/wp\/v2\/posts\/569\/revisions"}],"wp:featuredmedia":[{"embeddable":true,"href":"https:\/\/www.wecycle.de\/ladenlokal\/wp-json\/wp\/v2\/media\/571"}],"wp:attachment":[{"href":"https:\/\/www.wecycle.de\/ladenlokal\/wp-json\/wp\/v2\/media?parent=569"}],"wp:term":[{"taxonomy":"category","embeddable":true,"href":"https:\/\/www.wecycle.de\/ladenlokal\/wp-json\/wp\/v2\/categories?post=569"},{"taxonomy":"post_tag","embeddable":true,"href":"https:\/\/www.wecycle.de\/ladenlokal\/wp-json\/wp\/v2\/tags?post=569"}],"curies":[{"name":"wp","href":"https:\/\/api.w.org\/{rel}","templated":true}]}}