

{"id":557,"date":"2016-05-31T15:07:35","date_gmt":"2016-05-31T13:07:35","guid":{"rendered":"http:\/\/www.wecycle.de\/ladenlokal\/?p=557"},"modified":"2016-05-31T15:11:30","modified_gmt":"2016-05-31T13:11:30","slug":"rennbericht-team-we-cycle-rhein-hunsruck-mtb-marathon-rhens","status":"publish","type":"post","link":"https:\/\/www.wecycle.de\/ladenlokal\/allgemein\/rennbericht-team-we-cycle-rhein-hunsruck-mtb-marathon-rhens","title":{"rendered":"Team we cycle &#8211; Rennbericht Rhein Hunsr\u00fcck MTB Marathon Rhens"},"content":{"rendered":"<p>Markus (80km):<br \/>\nUnter der Woche mal nicht all so viel trainiert reiste ich quasi ausgeruht nach Rhens um die 80km Langdistanz in Angriff zu nehmen.<br \/>\nDa es leider an den Vortagen heftige, unwetterartige Regeng\u00fcsse gab verwandelte sich die eigentlich aus den Vorjahren bestens befahrbare Strecke in eine einzige Schlammschlacht.<br \/>\nVom Start weg kam ich eigentlich gut mit und so fand ich mich in einigen guten Verfolgergr\u00fcppchen wieder, musste aber wegen einigen Fahrfehler bergab 2 gute Gruppen ziehen lassen. In der Folge musste ich einige schnelle Passagen alleine absolvieren.<br \/>\nDennoch konnte ich wie gewohnt meine Leistung bis zum Ende hin durchdr\u00fccken und so sprang ein ordentlicher 34. Platz gesamt \/12. AK heraus.<br \/>\nJetzt geht es steil in Richtung Ultra Bike in Kirchzarten mit der Hoffnung auf besseres Wetter.<br \/>\n&#8212;<br \/>\nMatthias (80km):<br \/>\nRhens hatte ich aus der Vergangenheit in Erinnerung als sehr schnelle, staubige Strecke- dieses Jahr zeigte die Strecke ihre h\u00e4ssliche Seite: Die Strecke bestand aus Matsch, viel Matsch oder sehr viel Matsch, z\u00e4hen und kraftraubenden Wiesenabschnitten und aufgeweichten Harakiri-Abfahrten &#8211; gar nicht mein Fall!<br \/>\nAb Start zum ersten Anstieg schlecht weggekommen, geriet ich dort schon in den ersten &#8222;Stau&#8220; die Trails danach waren entsprechend ebenso verstopft, \u00fcberholen nur bedingt m\u00f6glich. Dadurch kam ich dann nat\u00fcrlich mitten in den Pulk der Mittel- und Kurzstreckler nach der Streckenzusammenf\u00fchrung, ein Durchkommen nach vorne war kaum m\u00f6glich. Ich bin das Rennen dann auf Nummer sicher zu Ende gefahren und habe in den Abfahrten auch nichts mehr riskiert, da ich dieses Jahr schon zweimal bei St\u00fcrzen im Training den Schutzengel \u00fcberstrapaziert habe.<br \/>\nAm Ende habe ich dann als 38. AK \/ 117. &#8211; das geht sicher besser, das Weizen im Ziel hat aber dennoch geschmeckt!<br \/>\n&#8212;<br \/>\nNathalie (50km):<br \/>\nWeiter im Text! Nachdem es mich nach Waldbrunn erst mal f\u00fcr eine Woche krankheitstechnisch komplett k.o. gelegt hatte, bin ich dieses Wochenende eher spontan an den Start der Mittelstrecke gegangen. Fast drei Wochen ohne gro\u00dfes Training machen einen dann halt doch etwas unsicher.<br \/>\nDie tagelangen Regenf\u00e4lle kamen mir jedoch entgegen, denn warm und regnerisch- genau mein Wetter \ud83d\ude42<br \/>\nIch hatte mir als Zielzeit unter 3:00h gesetzt, schwer abzusch\u00e4tzen bei einer v\u00f6llig unbekannten Strecke.<br \/>\nSchon kurz nach dem Start fuhr ich auf einen ganz netten Rocky-Mountain Fahrer auf, der dann auch wirklich fast die komplette Zeit mit mir zusammen fuhr. Ich glaube ich hab w\u00e4hrend eines Rennens noch nie so viel geredet \ud83d\ude09<br \/>\nSchlammige Anstiege machten die 1400hm nicht sonderlich einfach und die Abfahrten waren so rutschig, dass ich von Gl\u00fcck reden konnte, nicht einmal im Matsch gelandet zu sein (wie ca. 3\/4 aller Starter).<br \/>\nGegen Ende habe ich wirklich gelitten, aber es war eine sch\u00f6ne und gut organisierte Veranstaltung, bei der ich sicher wieder starte!<br \/>\n\u202a#\u200ewecycle\u202c \u202a#\u200ewecyclede\u202c \u202a#\u200emtb\u202c \u202a#\u200emarathon\u202c \u202a#\u200erhens\u202c<\/p>\n<p><img loading=\"lazy\" decoding=\"async\" src=\"http:\/\/www.wecycle.de\/ladenlokal\/wp-content\/uploads\/2016\/05\/IMG_0559-768x1024.jpg\" alt=\"IMG_0559\" width=\"605\" height=\"807\" class=\"alignnone size-large wp-image-561\" srcset=\"https:\/\/www.wecycle.de\/ladenlokal\/wp-content\/uploads\/2016\/05\/IMG_0559-768x1024.jpg 768w, https:\/\/www.wecycle.de\/ladenlokal\/wp-content\/uploads\/2016\/05\/IMG_0559-240x320.jpg 240w, https:\/\/www.wecycle.de\/ladenlokal\/wp-content\/uploads\/2016\/05\/IMG_0559-100x133.jpg 100w, https:\/\/www.wecycle.de\/ladenlokal\/wp-content\/uploads\/2016\/05\/IMG_0559-150x200.jpg 150w, https:\/\/www.wecycle.de\/ladenlokal\/wp-content\/uploads\/2016\/05\/IMG_0559-200x267.jpg 200w, https:\/\/www.wecycle.de\/ladenlokal\/wp-content\/uploads\/2016\/05\/IMG_0559-300x400.jpg 300w, https:\/\/www.wecycle.de\/ladenlokal\/wp-content\/uploads\/2016\/05\/IMG_0559-450x600.jpg 450w, https:\/\/www.wecycle.de\/ladenlokal\/wp-content\/uploads\/2016\/05\/IMG_0559-600x800.jpg 600w, https:\/\/www.wecycle.de\/ladenlokal\/wp-content\/uploads\/2016\/05\/IMG_0559-900x1200.jpg 900w, https:\/\/www.wecycle.de\/ladenlokal\/wp-content\/uploads\/2016\/05\/IMG_0559.jpg 1500w\" sizes=\"(max-width: 605px) 100vw, 605px\" \/><\/p>\n<p><img loading=\"lazy\" decoding=\"async\" src=\"http:\/\/www.wecycle.de\/ladenlokal\/wp-content\/uploads\/2016\/05\/IMG_0565.jpg\" alt=\"IMG_0565\" width=\"720\" height=\"960\" class=\"alignnone size-full wp-image-562\" srcset=\"https:\/\/www.wecycle.de\/ladenlokal\/wp-content\/uploads\/2016\/05\/IMG_0565.jpg 720w, https:\/\/www.wecycle.de\/ladenlokal\/wp-content\/uploads\/2016\/05\/IMG_0565-240x320.jpg 240w, https:\/\/www.wecycle.de\/ladenlokal\/wp-content\/uploads\/2016\/05\/IMG_0565-100x133.jpg 100w, https:\/\/www.wecycle.de\/ladenlokal\/wp-content\/uploads\/2016\/05\/IMG_0565-150x200.jpg 150w, https:\/\/www.wecycle.de\/ladenlokal\/wp-content\/uploads\/2016\/05\/IMG_0565-200x267.jpg 200w, https:\/\/www.wecycle.de\/ladenlokal\/wp-content\/uploads\/2016\/05\/IMG_0565-300x400.jpg 300w, https:\/\/www.wecycle.de\/ladenlokal\/wp-content\/uploads\/2016\/05\/IMG_0565-450x600.jpg 450w, https:\/\/www.wecycle.de\/ladenlokal\/wp-content\/uploads\/2016\/05\/IMG_0565-600x800.jpg 600w\" sizes=\"(max-width: 720px) 100vw, 720px\" \/><\/p>\n<p><img loading=\"lazy\" decoding=\"async\" src=\"http:\/\/www.wecycle.de\/ladenlokal\/wp-content\/uploads\/2016\/05\/IMG_0554-1024x768.jpg\" alt=\"IMG_0554\" width=\"605\" height=\"454\" class=\"alignnone size-large wp-image-560\" srcset=\"https:\/\/www.wecycle.de\/ladenlokal\/wp-content\/uploads\/2016\/05\/IMG_0554-1024x768.jpg 1024w, https:\/\/www.wecycle.de\/ladenlokal\/wp-content\/uploads\/2016\/05\/IMG_0554-320x240.jpg 320w, https:\/\/www.wecycle.de\/ladenlokal\/wp-content\/uploads\/2016\/05\/IMG_0554-100x75.jpg 100w, https:\/\/www.wecycle.de\/ladenlokal\/wp-content\/uploads\/2016\/05\/IMG_0554-150x113.jpg 150w, https:\/\/www.wecycle.de\/ladenlokal\/wp-content\/uploads\/2016\/05\/IMG_0554-200x150.jpg 200w, https:\/\/www.wecycle.de\/ladenlokal\/wp-content\/uploads\/2016\/05\/IMG_0554-300x225.jpg 300w, https:\/\/www.wecycle.de\/ladenlokal\/wp-content\/uploads\/2016\/05\/IMG_0554-450x338.jpg 450w, https:\/\/www.wecycle.de\/ladenlokal\/wp-content\/uploads\/2016\/05\/IMG_0554-600x450.jpg 600w, https:\/\/www.wecycle.de\/ladenlokal\/wp-content\/uploads\/2016\/05\/IMG_0554-900x675.jpg 900w, https:\/\/www.wecycle.de\/ladenlokal\/wp-content\/uploads\/2016\/05\/IMG_0554.jpg 2000w\" sizes=\"(max-width: 605px) 100vw, 605px\" \/><\/p>\n","protected":false},"excerpt":{"rendered":"<p>Markus (80km): Unter der Woche mal nicht all so viel trainiert reiste ich quasi ausgeruht nach Rhens um die 80km Langdistanz in Angriff zu nehmen. Da es leider an den Vortagen heftige, unwetterartige Regeng\u00fcsse gab verwandelte sich die eigentlich aus<span class=\"ellipsis\">&hellip;<\/span><\/p>\n<div class=\"read-more\"><a href=\"https:\/\/www.wecycle.de\/ladenlokal\/allgemein\/rennbericht-team-we-cycle-rhein-hunsruck-mtb-marathon-rhens\">Weiterlesen \u203a<\/a><\/div>\n<p><!-- end of .read-more --><\/p>\n","protected":false},"author":1,"featured_media":559,"comment_status":"closed","ping_status":"closed","sticky":false,"template":"","format":"standard","meta":{"_acf_changed":false,"footnotes":""},"categories":[1,3],"tags":[],"acf":[],"_links":{"self":[{"href":"https:\/\/www.wecycle.de\/ladenlokal\/wp-json\/wp\/v2\/posts\/557"}],"collection":[{"href":"https:\/\/www.wecycle.de\/ladenlokal\/wp-json\/wp\/v2\/posts"}],"about":[{"href":"https:\/\/www.wecycle.de\/ladenlokal\/wp-json\/wp\/v2\/types\/post"}],"author":[{"embeddable":true,"href":"https:\/\/www.wecycle.de\/ladenlokal\/wp-json\/wp\/v2\/users\/1"}],"replies":[{"embeddable":true,"href":"https:\/\/www.wecycle.de\/ladenlokal\/wp-json\/wp\/v2\/comments?post=557"}],"version-history":[{"count":0,"href":"https:\/\/www.wecycle.de\/ladenlokal\/wp-json\/wp\/v2\/posts\/557\/revisions"}],"wp:featuredmedia":[{"embeddable":true,"href":"https:\/\/www.wecycle.de\/ladenlokal\/wp-json\/wp\/v2\/media\/559"}],"wp:attachment":[{"href":"https:\/\/www.wecycle.de\/ladenlokal\/wp-json\/wp\/v2\/media?parent=557"}],"wp:term":[{"taxonomy":"category","embeddable":true,"href":"https:\/\/www.wecycle.de\/ladenlokal\/wp-json\/wp\/v2\/categories?post=557"},{"taxonomy":"post_tag","embeddable":true,"href":"https:\/\/www.wecycle.de\/ladenlokal\/wp-json\/wp\/v2\/tags?post=557"}],"curies":[{"name":"wp","href":"https:\/\/api.w.org\/{rel}","templated":true}]}}