

{"id":542,"date":"2016-04-29T14:17:57","date_gmt":"2016-04-29T12:17:57","guid":{"rendered":"http:\/\/www.wecycle.de\/ladenlokal\/?p=542"},"modified":"2016-04-29T14:32:31","modified_gmt":"2016-04-29T12:32:31","slug":"rennbericht-zum-kellerwald-bike-marathon","status":"publish","type":"post","link":"https:\/\/www.wecycle.de\/ladenlokal\/allgemein\/rennbericht-zum-kellerwald-bike-marathon","title":{"rendered":"Team we cycle &#8211; Rennbericht zum Kellerwald- Bike-Marathon"},"content":{"rendered":"<p>Mein diesj\u00e4hriger Saisoneinstand fand am 17.4.16 beim Kellerwald Bike- Marathon in Gilserberg (Hessen) statt.<br \/>\nDie Strecke mit 42km und 1100Hm war aufgrund des andauernden Regens der letzten Tage extrem aufgeweicht.<br \/>\nMan muss jedoch dazu sagen, dass mir schlechte Bedingungen im Allgemeinen gut liegen, so dass ich bei frischen 6 Grad optimistisch am Start stand.<br \/>\nMit knapp 400 anderen Startern fuhr man erst eine Einf\u00fchrungsrunde bis es in den ersten l\u00e4ngeren Anstieg ging. Schon der Weg dahin gestaltete sich schwierig, weil die zu befahrende Wiese ein komplettes Schlammloch war, und man nur mit guten Abfahrtsk\u00fcnsten \u00fcberhaupt durch kam.<br \/>\nNach der ersten halben Stunde im Rennen musste ich mir jedoch eingestehen, dass heute wohl kein vorderer Platz herausspringen w\u00fcrde. Mir fehlt momentan einfach noch etwas die Kraft, um gerade auf matschigen Passagen, in denen man dicke G\u00e4nge fahren muss, richtig durchzutreten.<br \/>\nSo kurbelte ich eben munter vor mir hin, ohne jegliche Ahnung auf welchem Platz ich mich befand.<br \/>\nNach ca 28km ging es in eine lange, schlammige und technisch anspruchsvolle Singletrail Abfahrt. Durch meine fr\u00fcheren CC- Rennen komme ich mit solchen Passagen verh\u00e4ltnism\u00e4\u00dfig gut zurecht, so dass ich alleine in der Abfahrt drei Frauen meiner Strecke einholte.<br \/>\nNur damit sie mich am n\u00e4chsten Berg nach einem km wieder einholten:D\u2026<br \/>\nSo ging das nun \u00fcber geschlagene drei Abfahrten, was nat\u00fcrlich etwas frustrierend ist.<br \/>\nZu meinem Gl\u00fcck war kurz vor dem Ziel noch eine Abfahrt, so dass ich zumindest einen Platz gut machen und halten konnte.<br \/>\nMit einer Fahrzeit von 2:32 und dem 6. Platz in der Elite Damen Kategorie kam ich am Ende ins Ziel.<\/p>\n","protected":false},"excerpt":{"rendered":"<p>Mein diesj\u00e4hriger Saisoneinstand fand am 17.4.16 beim Kellerwald Bike- Marathon in Gilserberg (Hessen) statt. Die Strecke mit 42km und 1100Hm war aufgrund des andauernden Regens der letzten Tage extrem aufgeweicht. Man muss jedoch dazu sagen, dass mir schlechte Bedingungen im<span class=\"ellipsis\">&hellip;<\/span><\/p>\n<div class=\"read-more\"><a href=\"https:\/\/www.wecycle.de\/ladenlokal\/allgemein\/rennbericht-zum-kellerwald-bike-marathon\">Weiterlesen \u203a<\/a><\/div>\n<p><!-- end of .read-more --><\/p>\n","protected":false},"author":1,"featured_media":543,"comment_status":"closed","ping_status":"closed","sticky":false,"template":"","format":"standard","meta":{"_acf_changed":false,"footnotes":""},"categories":[1,3],"tags":[],"acf":[],"_links":{"self":[{"href":"https:\/\/www.wecycle.de\/ladenlokal\/wp-json\/wp\/v2\/posts\/542"}],"collection":[{"href":"https:\/\/www.wecycle.de\/ladenlokal\/wp-json\/wp\/v2\/posts"}],"about":[{"href":"https:\/\/www.wecycle.de\/ladenlokal\/wp-json\/wp\/v2\/types\/post"}],"author":[{"embeddable":true,"href":"https:\/\/www.wecycle.de\/ladenlokal\/wp-json\/wp\/v2\/users\/1"}],"replies":[{"embeddable":true,"href":"https:\/\/www.wecycle.de\/ladenlokal\/wp-json\/wp\/v2\/comments?post=542"}],"version-history":[{"count":0,"href":"https:\/\/www.wecycle.de\/ladenlokal\/wp-json\/wp\/v2\/posts\/542\/revisions"}],"wp:featuredmedia":[{"embeddable":true,"href":"https:\/\/www.wecycle.de\/ladenlokal\/wp-json\/wp\/v2\/media\/543"}],"wp:attachment":[{"href":"https:\/\/www.wecycle.de\/ladenlokal\/wp-json\/wp\/v2\/media?parent=542"}],"wp:term":[{"taxonomy":"category","embeddable":true,"href":"https:\/\/www.wecycle.de\/ladenlokal\/wp-json\/wp\/v2\/categories?post=542"},{"taxonomy":"post_tag","embeddable":true,"href":"https:\/\/www.wecycle.de\/ladenlokal\/wp-json\/wp\/v2\/tags?post=542"}],"curies":[{"name":"wp","href":"https:\/\/api.w.org\/{rel}","templated":true}]}}