

{"id":538,"date":"2016-04-26T11:01:38","date_gmt":"2016-04-26T09:01:38","guid":{"rendered":"http:\/\/www.wecycle.de\/ladenlokal\/?p=538"},"modified":"2016-04-26T11:01:38","modified_gmt":"2016-04-26T09:01:38","slug":"team-we-cycle-traben-trarbach","status":"publish","type":"post","link":"https:\/\/www.wecycle.de\/ladenlokal\/allgemein\/team-we-cycle-traben-trarbach","title":{"rendered":"Team we cycle &#8211; Traben-Trarbach"},"content":{"rendered":"<p>Vergangenen Samstag stand f\u00fcr Markus und Matthias das erste Rennen der Saison an.<br \/>\nDer Kurs in Traben-Trarbach (zugleich 2. Lauf des Eifel Mosel Cups) kostet mit seinem f\u00fcr CC Rennen ungew\u00f6hnlich langem Anstieg mit ca. 8min direkt ab Start einige K\u00f6rner. Dass die Konkurrenz schon das ein oder andere Rennen mehr in den Beinen hatte und den beiden die entsprechende Wettkampfh\u00e4rte noch fehlt war dann auch sp\u00fcrbar. F\u00fcr Markus endete das Rennen dann aber letztendlich auf einem ganz ordentlichen 27. Platz (4. AK). Matthias finishte als 70. (6. AK).<\/p>\n<p>Das n\u00e4chste Rennen f\u00fcr die beiden findet am kommenden Samstag in Riva de Garda statt, wo die beiden auf die Ronda Extrema gehen (90km\/3800hm)<\/p>\n","protected":false},"excerpt":{"rendered":"<p>Vergangenen Samstag stand f\u00fcr Markus und Matthias das erste Rennen der Saison an. Der Kurs in Traben-Trarbach (zugleich 2. Lauf des Eifel Mosel Cups) kostet mit seinem f\u00fcr CC Rennen ungew\u00f6hnlich langem Anstieg mit ca. 8min direkt ab Start einige<span class=\"ellipsis\">&hellip;<\/span><\/p>\n<div class=\"read-more\"><a href=\"https:\/\/www.wecycle.de\/ladenlokal\/allgemein\/team-we-cycle-traben-trarbach\">Weiterlesen \u203a<\/a><\/div>\n<p><!-- end of .read-more --><\/p>\n","protected":false},"author":1,"featured_media":539,"comment_status":"closed","ping_status":"closed","sticky":false,"template":"","format":"standard","meta":{"_acf_changed":false,"footnotes":""},"categories":[1,3],"tags":[],"acf":[],"_links":{"self":[{"href":"https:\/\/www.wecycle.de\/ladenlokal\/wp-json\/wp\/v2\/posts\/538"}],"collection":[{"href":"https:\/\/www.wecycle.de\/ladenlokal\/wp-json\/wp\/v2\/posts"}],"about":[{"href":"https:\/\/www.wecycle.de\/ladenlokal\/wp-json\/wp\/v2\/types\/post"}],"author":[{"embeddable":true,"href":"https:\/\/www.wecycle.de\/ladenlokal\/wp-json\/wp\/v2\/users\/1"}],"replies":[{"embeddable":true,"href":"https:\/\/www.wecycle.de\/ladenlokal\/wp-json\/wp\/v2\/comments?post=538"}],"version-history":[{"count":0,"href":"https:\/\/www.wecycle.de\/ladenlokal\/wp-json\/wp\/v2\/posts\/538\/revisions"}],"wp:featuredmedia":[{"embeddable":true,"href":"https:\/\/www.wecycle.de\/ladenlokal\/wp-json\/wp\/v2\/media\/539"}],"wp:attachment":[{"href":"https:\/\/www.wecycle.de\/ladenlokal\/wp-json\/wp\/v2\/media?parent=538"}],"wp:term":[{"taxonomy":"category","embeddable":true,"href":"https:\/\/www.wecycle.de\/ladenlokal\/wp-json\/wp\/v2\/categories?post=538"},{"taxonomy":"post_tag","embeddable":true,"href":"https:\/\/www.wecycle.de\/ladenlokal\/wp-json\/wp\/v2\/tags?post=538"}],"curies":[{"name":"wp","href":"https:\/\/api.w.org\/{rel}","templated":true}]}}