

{"id":513,"date":"2016-04-06T16:52:00","date_gmt":"2016-04-06T14:52:00","guid":{"rendered":"http:\/\/www.wecycle.de\/ladenlokal\/?p=513"},"modified":"2016-04-06T17:15:51","modified_gmt":"2016-04-06T15:15:51","slug":"trainingslager-suedfrankreich","status":"publish","type":"post","link":"https:\/\/www.wecycle.de\/ladenlokal\/allgemein\/trainingslager-suedfrankreich","title":{"rendered":"Trainingslager S\u00fcdfrankreich"},"content":{"rendered":"<p>Der Alltag hat sie wieder- Sonnenverw\u00f6hnt sind Matthias und Markus gesund aus Ihrem Trainingslager in S\u00fcdfrankreich zur\u00fcck!<\/p>\n<p>W\u00e4hrend bei uns das Wetter und die Temperaturen nicht wirklich aus dem Quark kommen hatten sie bei wirklichem Kaiserwetter mit Sonne und um die 20 Grad ideale Bedingungen um sich f\u00fcr die anstehende Saison fit zu machen, Regen gab es nur an den Ruhetagen, Schnee und ungem\u00fctliche Temperaturen nur auf dem Gipfel vom Mt. Ventoux.<\/p>\n<p>Jetzt gilt es gesund zu bleiben um dann beim ersten wirklichen Renneinsatz in Riva del Garda auf der Ronda Extrema (90,43km\/3838hm) Vollgas geben zu k\u00f6nnen.<\/p>\n<p>Hier noch ein paar Impressionen aus dem S\u00fcden:<\/p>\n<p><img loading=\"lazy\" decoding=\"async\" class=\"alignnone size-medium wp-image-515\" src=\"http:\/\/www.wecycle.de\/ladenlokal\/wp-content\/uploads\/2016\/04\/8763_1339117716113663_5830394936095895459_n-290x320.jpg\" alt=\"8763_1339117716113663_5830394936095895459_n\" width=\"290\" height=\"320\" srcset=\"https:\/\/www.wecycle.de\/ladenlokal\/wp-content\/uploads\/2016\/04\/8763_1339117716113663_5830394936095895459_n-290x320.jpg 290w, https:\/\/www.wecycle.de\/ladenlokal\/wp-content\/uploads\/2016\/04\/8763_1339117716113663_5830394936095895459_n-100x110.jpg 100w, https:\/\/www.wecycle.de\/ladenlokal\/wp-content\/uploads\/2016\/04\/8763_1339117716113663_5830394936095895459_n-150x166.jpg 150w, https:\/\/www.wecycle.de\/ladenlokal\/wp-content\/uploads\/2016\/04\/8763_1339117716113663_5830394936095895459_n-200x221.jpg 200w, https:\/\/www.wecycle.de\/ladenlokal\/wp-content\/uploads\/2016\/04\/8763_1339117716113663_5830394936095895459_n-300x331.jpg 300w, https:\/\/www.wecycle.de\/ladenlokal\/wp-content\/uploads\/2016\/04\/8763_1339117716113663_5830394936095895459_n-450x497.jpg 450w, https:\/\/www.wecycle.de\/ladenlokal\/wp-content\/uploads\/2016\/04\/8763_1339117716113663_5830394936095895459_n-600x662.jpg 600w, https:\/\/www.wecycle.de\/ladenlokal\/wp-content\/uploads\/2016\/04\/8763_1339117716113663_5830394936095895459_n.jpg 870w\" sizes=\"(max-width: 290px) 100vw, 290px\" \/> <img loading=\"lazy\" decoding=\"async\" class=\"alignnone size-medium wp-image-516\" src=\"http:\/\/www.wecycle.de\/ladenlokal\/wp-content\/uploads\/2016\/04\/1170771_1346530145372420_7769173676441660575_n-298x320.jpg\" alt=\"1170771_1346530145372420_7769173676441660575_n\" width=\"298\" height=\"320\" srcset=\"https:\/\/www.wecycle.de\/ladenlokal\/wp-content\/uploads\/2016\/04\/1170771_1346530145372420_7769173676441660575_n-298x320.jpg 298w, https:\/\/www.wecycle.de\/ladenlokal\/wp-content\/uploads\/2016\/04\/1170771_1346530145372420_7769173676441660575_n-100x108.jpg 100w, https:\/\/www.wecycle.de\/ladenlokal\/wp-content\/uploads\/2016\/04\/1170771_1346530145372420_7769173676441660575_n-150x161.jpg 150w, https:\/\/www.wecycle.de\/ladenlokal\/wp-content\/uploads\/2016\/04\/1170771_1346530145372420_7769173676441660575_n-200x215.jpg 200w, https:\/\/www.wecycle.de\/ladenlokal\/wp-content\/uploads\/2016\/04\/1170771_1346530145372420_7769173676441660575_n-300x323.jpg 300w, https:\/\/www.wecycle.de\/ladenlokal\/wp-content\/uploads\/2016\/04\/1170771_1346530145372420_7769173676441660575_n-450x484.jpg 450w, https:\/\/www.wecycle.de\/ladenlokal\/wp-content\/uploads\/2016\/04\/1170771_1346530145372420_7769173676441660575_n.jpg 465w\" sizes=\"(max-width: 298px) 100vw, 298px\" \/> <img loading=\"lazy\" decoding=\"async\" class=\"alignnone size-medium wp-image-517\" src=\"http:\/\/www.wecycle.de\/ladenlokal\/wp-content\/uploads\/2016\/04\/1460071_1346529865372448_721413644339756223_n-239x320.jpg\" alt=\"1460071_1346529865372448_721413644339756223_n\" width=\"239\" height=\"320\" srcset=\"https:\/\/www.wecycle.de\/ladenlokal\/wp-content\/uploads\/2016\/04\/1460071_1346529865372448_721413644339756223_n-239x320.jpg 239w, https:\/\/www.wecycle.de\/ladenlokal\/wp-content\/uploads\/2016\/04\/1460071_1346529865372448_721413644339756223_n-100x134.jpg 100w, https:\/\/www.wecycle.de\/ladenlokal\/wp-content\/uploads\/2016\/04\/1460071_1346529865372448_721413644339756223_n-150x201.jpg 150w, https:\/\/www.wecycle.de\/ladenlokal\/wp-content\/uploads\/2016\/04\/1460071_1346529865372448_721413644339756223_n-200x268.jpg 200w, https:\/\/www.wecycle.de\/ladenlokal\/wp-content\/uploads\/2016\/04\/1460071_1346529865372448_721413644339756223_n-300x402.jpg 300w, https:\/\/www.wecycle.de\/ladenlokal\/wp-content\/uploads\/2016\/04\/1460071_1346529865372448_721413644339756223_n-450x603.jpg 450w, https:\/\/www.wecycle.de\/ladenlokal\/wp-content\/uploads\/2016\/04\/1460071_1346529865372448_721413644339756223_n-600x804.jpg 600w, https:\/\/www.wecycle.de\/ladenlokal\/wp-content\/uploads\/2016\/04\/1460071_1346529865372448_721413644339756223_n.jpg 716w\" sizes=\"(max-width: 239px) 100vw, 239px\" \/> <img loading=\"lazy\" decoding=\"async\" class=\"alignnone size-medium wp-image-518\" src=\"http:\/\/www.wecycle.de\/ladenlokal\/wp-content\/uploads\/2016\/04\/1914712_1346530098705758_3608058200517963905_n-320x211.jpg\" alt=\"1914712_1346530098705758_3608058200517963905_n\" width=\"320\" height=\"211\" srcset=\"https:\/\/www.wecycle.de\/ladenlokal\/wp-content\/uploads\/2016\/04\/1914712_1346530098705758_3608058200517963905_n-320x211.jpg 320w, https:\/\/www.wecycle.de\/ladenlokal\/wp-content\/uploads\/2016\/04\/1914712_1346530098705758_3608058200517963905_n-100x66.jpg 100w, https:\/\/www.wecycle.de\/ladenlokal\/wp-content\/uploads\/2016\/04\/1914712_1346530098705758_3608058200517963905_n-150x99.jpg 150w, https:\/\/www.wecycle.de\/ladenlokal\/wp-content\/uploads\/2016\/04\/1914712_1346530098705758_3608058200517963905_n-200x132.jpg 200w, https:\/\/www.wecycle.de\/ladenlokal\/wp-content\/uploads\/2016\/04\/1914712_1346530098705758_3608058200517963905_n-300x198.jpg 300w, https:\/\/www.wecycle.de\/ladenlokal\/wp-content\/uploads\/2016\/04\/1914712_1346530098705758_3608058200517963905_n-450x296.jpg 450w, https:\/\/www.wecycle.de\/ladenlokal\/wp-content\/uploads\/2016\/04\/1914712_1346530098705758_3608058200517963905_n-600x395.jpg 600w, https:\/\/www.wecycle.de\/ladenlokal\/wp-content\/uploads\/2016\/04\/1914712_1346530098705758_3608058200517963905_n-900x593.jpg 900w, https:\/\/www.wecycle.de\/ladenlokal\/wp-content\/uploads\/2016\/04\/1914712_1346530098705758_3608058200517963905_n.jpg 960w\" sizes=\"(max-width: 320px) 100vw, 320px\" \/> <img loading=\"lazy\" decoding=\"async\" class=\"alignnone size-medium wp-image-519\" src=\"http:\/\/www.wecycle.de\/ladenlokal\/wp-content\/uploads\/2016\/04\/10325787_1337811152910986_1936234792981200311_n-320x231.jpg\" alt=\"10325787_1337811152910986_1936234792981200311_n\" width=\"320\" height=\"231\" srcset=\"https:\/\/www.wecycle.de\/ladenlokal\/wp-content\/uploads\/2016\/04\/10325787_1337811152910986_1936234792981200311_n-320x231.jpg 320w, https:\/\/www.wecycle.de\/ladenlokal\/wp-content\/uploads\/2016\/04\/10325787_1337811152910986_1936234792981200311_n-100x72.jpg 100w, https:\/\/www.wecycle.de\/ladenlokal\/wp-content\/uploads\/2016\/04\/10325787_1337811152910986_1936234792981200311_n-150x108.jpg 150w, https:\/\/www.wecycle.de\/ladenlokal\/wp-content\/uploads\/2016\/04\/10325787_1337811152910986_1936234792981200311_n-200x144.jpg 200w, https:\/\/www.wecycle.de\/ladenlokal\/wp-content\/uploads\/2016\/04\/10325787_1337811152910986_1936234792981200311_n-300x217.jpg 300w, https:\/\/www.wecycle.de\/ladenlokal\/wp-content\/uploads\/2016\/04\/10325787_1337811152910986_1936234792981200311_n-450x325.jpg 450w, https:\/\/www.wecycle.de\/ladenlokal\/wp-content\/uploads\/2016\/04\/10325787_1337811152910986_1936234792981200311_n-600x433.jpg 600w, https:\/\/www.wecycle.de\/ladenlokal\/wp-content\/uploads\/2016\/04\/10325787_1337811152910986_1936234792981200311_n-900x650.jpg 900w, https:\/\/www.wecycle.de\/ladenlokal\/wp-content\/uploads\/2016\/04\/10325787_1337811152910986_1936234792981200311_n.jpg 960w\" sizes=\"(max-width: 320px) 100vw, 320px\" \/> <img loading=\"lazy\" decoding=\"async\" class=\"alignnone size-medium wp-image-520\" src=\"http:\/\/www.wecycle.de\/ladenlokal\/wp-content\/uploads\/2016\/04\/10399650_1346529665372468_5522108012819765508_n-257x320.jpg\" alt=\"10399650_1346529665372468_5522108012819765508_n\" width=\"257\" height=\"320\" srcset=\"https:\/\/www.wecycle.de\/ladenlokal\/wp-content\/uploads\/2016\/04\/10399650_1346529665372468_5522108012819765508_n-257x320.jpg 257w, https:\/\/www.wecycle.de\/ladenlokal\/wp-content\/uploads\/2016\/04\/10399650_1346529665372468_5522108012819765508_n-100x124.jpg 100w, https:\/\/www.wecycle.de\/ladenlokal\/wp-content\/uploads\/2016\/04\/10399650_1346529665372468_5522108012819765508_n-150x187.jpg 150w, https:\/\/www.wecycle.de\/ladenlokal\/wp-content\/uploads\/2016\/04\/10399650_1346529665372468_5522108012819765508_n-200x249.jpg 200w, https:\/\/www.wecycle.de\/ladenlokal\/wp-content\/uploads\/2016\/04\/10399650_1346529665372468_5522108012819765508_n-300x373.jpg 300w, https:\/\/www.wecycle.de\/ladenlokal\/wp-content\/uploads\/2016\/04\/10399650_1346529665372468_5522108012819765508_n-450x560.jpg 450w, https:\/\/www.wecycle.de\/ladenlokal\/wp-content\/uploads\/2016\/04\/10399650_1346529665372468_5522108012819765508_n-600x746.jpg 600w, https:\/\/www.wecycle.de\/ladenlokal\/wp-content\/uploads\/2016\/04\/10399650_1346529665372468_5522108012819765508_n.jpg 772w\" sizes=\"(max-width: 257px) 100vw, 257px\" \/> <img loading=\"lazy\" decoding=\"async\" class=\"alignnone size-medium wp-image-521\" src=\"http:\/\/www.wecycle.de\/ladenlokal\/wp-content\/uploads\/2016\/04\/10399650_1346529812039120_3390216912391338550_n-269x320.jpg\" alt=\"10399650_1346529812039120_3390216912391338550_n\" width=\"269\" height=\"320\" srcset=\"https:\/\/www.wecycle.de\/ladenlokal\/wp-content\/uploads\/2016\/04\/10399650_1346529812039120_3390216912391338550_n-269x320.jpg 269w, https:\/\/www.wecycle.de\/ladenlokal\/wp-content\/uploads\/2016\/04\/10399650_1346529812039120_3390216912391338550_n-100x119.jpg 100w, https:\/\/www.wecycle.de\/ladenlokal\/wp-content\/uploads\/2016\/04\/10399650_1346529812039120_3390216912391338550_n-150x179.jpg 150w, https:\/\/www.wecycle.de\/ladenlokal\/wp-content\/uploads\/2016\/04\/10399650_1346529812039120_3390216912391338550_n-200x238.jpg 200w, https:\/\/www.wecycle.de\/ladenlokal\/wp-content\/uploads\/2016\/04\/10399650_1346529812039120_3390216912391338550_n-300x357.jpg 300w, https:\/\/www.wecycle.de\/ladenlokal\/wp-content\/uploads\/2016\/04\/10399650_1346529812039120_3390216912391338550_n-450x536.jpg 450w, https:\/\/www.wecycle.de\/ladenlokal\/wp-content\/uploads\/2016\/04\/10399650_1346529812039120_3390216912391338550_n-600x715.jpg 600w, https:\/\/www.wecycle.de\/ladenlokal\/wp-content\/uploads\/2016\/04\/10399650_1346529812039120_3390216912391338550_n.jpg 806w\" sizes=\"(max-width: 269px) 100vw, 269px\" \/> <img loading=\"lazy\" decoding=\"async\" class=\"alignnone size-medium wp-image-522\" src=\"http:\/\/www.wecycle.de\/ladenlokal\/wp-content\/uploads\/2016\/04\/10628104_1339117682780333_9164230097146002876_n-320x228.jpg\" alt=\"10628104_1339117682780333_9164230097146002876_n\" width=\"320\" height=\"228\" srcset=\"https:\/\/www.wecycle.de\/ladenlokal\/wp-content\/uploads\/2016\/04\/10628104_1339117682780333_9164230097146002876_n-320x228.jpg 320w, https:\/\/www.wecycle.de\/ladenlokal\/wp-content\/uploads\/2016\/04\/10628104_1339117682780333_9164230097146002876_n-100x71.jpg 100w, https:\/\/www.wecycle.de\/ladenlokal\/wp-content\/uploads\/2016\/04\/10628104_1339117682780333_9164230097146002876_n-150x107.jpg 150w, https:\/\/www.wecycle.de\/ladenlokal\/wp-content\/uploads\/2016\/04\/10628104_1339117682780333_9164230097146002876_n-200x143.jpg 200w, https:\/\/www.wecycle.de\/ladenlokal\/wp-content\/uploads\/2016\/04\/10628104_1339117682780333_9164230097146002876_n-300x214.jpg 300w, https:\/\/www.wecycle.de\/ladenlokal\/wp-content\/uploads\/2016\/04\/10628104_1339117682780333_9164230097146002876_n-450x321.jpg 450w, https:\/\/www.wecycle.de\/ladenlokal\/wp-content\/uploads\/2016\/04\/10628104_1339117682780333_9164230097146002876_n-600x428.jpg 600w, https:\/\/www.wecycle.de\/ladenlokal\/wp-content\/uploads\/2016\/04\/10628104_1339117682780333_9164230097146002876_n-900x641.jpg 900w, https:\/\/www.wecycle.de\/ladenlokal\/wp-content\/uploads\/2016\/04\/10628104_1339117682780333_9164230097146002876_n.jpg 960w\" sizes=\"(max-width: 320px) 100vw, 320px\" \/>\u00a0 <img loading=\"lazy\" decoding=\"async\" class=\"alignnone size-medium wp-image-524\" src=\"http:\/\/www.wecycle.de\/ladenlokal\/wp-content\/uploads\/2016\/04\/12439397_1346529905372444_4706244704299522931_n-239x320.jpg\" alt=\"12439397_1346529905372444_4706244704299522931_n\" width=\"239\" height=\"320\" srcset=\"https:\/\/www.wecycle.de\/ladenlokal\/wp-content\/uploads\/2016\/04\/12439397_1346529905372444_4706244704299522931_n-239x320.jpg 239w, https:\/\/www.wecycle.de\/ladenlokal\/wp-content\/uploads\/2016\/04\/12439397_1346529905372444_4706244704299522931_n-100x134.jpg 100w, https:\/\/www.wecycle.de\/ladenlokal\/wp-content\/uploads\/2016\/04\/12439397_1346529905372444_4706244704299522931_n-150x201.jpg 150w, https:\/\/www.wecycle.de\/ladenlokal\/wp-content\/uploads\/2016\/04\/12439397_1346529905372444_4706244704299522931_n-200x268.jpg 200w, https:\/\/www.wecycle.de\/ladenlokal\/wp-content\/uploads\/2016\/04\/12439397_1346529905372444_4706244704299522931_n-300x402.jpg 300w, https:\/\/www.wecycle.de\/ladenlokal\/wp-content\/uploads\/2016\/04\/12439397_1346529905372444_4706244704299522931_n-450x603.jpg 450w, https:\/\/www.wecycle.de\/ladenlokal\/wp-content\/uploads\/2016\/04\/12439397_1346529905372444_4706244704299522931_n-600x804.jpg 600w, https:\/\/www.wecycle.de\/ladenlokal\/wp-content\/uploads\/2016\/04\/12439397_1346529905372444_4706244704299522931_n.jpg 716w\" sizes=\"(max-width: 239px) 100vw, 239px\" \/> <img loading=\"lazy\" decoding=\"async\" class=\"alignnone size-medium wp-image-525\" src=\"http:\/\/www.wecycle.de\/ladenlokal\/wp-content\/uploads\/2016\/04\/12439427_1346529732039128_6609341329396800181_n-264x320.jpg\" alt=\"12439427_1346529732039128_6609341329396800181_n\" width=\"264\" height=\"320\" srcset=\"https:\/\/www.wecycle.de\/ladenlokal\/wp-content\/uploads\/2016\/04\/12439427_1346529732039128_6609341329396800181_n-264x320.jpg 264w, https:\/\/www.wecycle.de\/ladenlokal\/wp-content\/uploads\/2016\/04\/12439427_1346529732039128_6609341329396800181_n-100x121.jpg 100w, https:\/\/www.wecycle.de\/ladenlokal\/wp-content\/uploads\/2016\/04\/12439427_1346529732039128_6609341329396800181_n-150x182.jpg 150w, https:\/\/www.wecycle.de\/ladenlokal\/wp-content\/uploads\/2016\/04\/12439427_1346529732039128_6609341329396800181_n-200x242.jpg 200w, https:\/\/www.wecycle.de\/ladenlokal\/wp-content\/uploads\/2016\/04\/12439427_1346529732039128_6609341329396800181_n-300x364.jpg 300w, https:\/\/www.wecycle.de\/ladenlokal\/wp-content\/uploads\/2016\/04\/12439427_1346529732039128_6609341329396800181_n-450x545.jpg 450w, https:\/\/www.wecycle.de\/ladenlokal\/wp-content\/uploads\/2016\/04\/12439427_1346529732039128_6609341329396800181_n-600x727.jpg 600w, https:\/\/www.wecycle.de\/ladenlokal\/wp-content\/uploads\/2016\/04\/12439427_1346529732039128_6609341329396800181_n.jpg 792w\" sizes=\"(max-width: 264px) 100vw, 264px\" \/> <img loading=\"lazy\" decoding=\"async\" class=\"alignnone size-medium wp-image-526\" src=\"http:\/\/www.wecycle.de\/ladenlokal\/wp-content\/uploads\/2016\/04\/12472348_1346529985372436_5724892262993544732_n-320x221.jpg\" alt=\"12472348_1346529985372436_5724892262993544732_n\" width=\"320\" height=\"221\" srcset=\"https:\/\/www.wecycle.de\/ladenlokal\/wp-content\/uploads\/2016\/04\/12472348_1346529985372436_5724892262993544732_n-320x221.jpg 320w, https:\/\/www.wecycle.de\/ladenlokal\/wp-content\/uploads\/2016\/04\/12472348_1346529985372436_5724892262993544732_n-100x69.jpg 100w, https:\/\/www.wecycle.de\/ladenlokal\/wp-content\/uploads\/2016\/04\/12472348_1346529985372436_5724892262993544732_n-150x104.jpg 150w, https:\/\/www.wecycle.de\/ladenlokal\/wp-content\/uploads\/2016\/04\/12472348_1346529985372436_5724892262993544732_n-200x138.jpg 200w, https:\/\/www.wecycle.de\/ladenlokal\/wp-content\/uploads\/2016\/04\/12472348_1346529985372436_5724892262993544732_n-300x208.jpg 300w, https:\/\/www.wecycle.de\/ladenlokal\/wp-content\/uploads\/2016\/04\/12472348_1346529985372436_5724892262993544732_n-450x311.jpg 450w, https:\/\/www.wecycle.de\/ladenlokal\/wp-content\/uploads\/2016\/04\/12472348_1346529985372436_5724892262993544732_n-600x415.jpg 600w, https:\/\/www.wecycle.de\/ladenlokal\/wp-content\/uploads\/2016\/04\/12472348_1346529985372436_5724892262993544732_n-900x623.jpg 900w, https:\/\/www.wecycle.de\/ladenlokal\/wp-content\/uploads\/2016\/04\/12472348_1346529985372436_5724892262993544732_n.jpg 960w\" sizes=\"(max-width: 320px) 100vw, 320px\" \/><img loading=\"lazy\" decoding=\"async\" class=\"alignnone size-medium wp-image-523\" src=\"http:\/\/www.wecycle.de\/ladenlokal\/wp-content\/uploads\/2016\/04\/12140797_1349666678392100_4309130653460332594_n-297x320.jpg\" alt=\"12140797_1349666678392100_4309130653460332594_n\" width=\"297\" height=\"320\" srcset=\"https:\/\/www.wecycle.de\/ladenlokal\/wp-content\/uploads\/2016\/04\/12140797_1349666678392100_4309130653460332594_n-297x320.jpg 297w, https:\/\/www.wecycle.de\/ladenlokal\/wp-content\/uploads\/2016\/04\/12140797_1349666678392100_4309130653460332594_n-100x108.jpg 100w, https:\/\/www.wecycle.de\/ladenlokal\/wp-content\/uploads\/2016\/04\/12140797_1349666678392100_4309130653460332594_n-150x161.jpg 150w, https:\/\/www.wecycle.de\/ladenlokal\/wp-content\/uploads\/2016\/04\/12140797_1349666678392100_4309130653460332594_n-200x215.jpg 200w, https:\/\/www.wecycle.de\/ladenlokal\/wp-content\/uploads\/2016\/04\/12140797_1349666678392100_4309130653460332594_n-300x323.jpg 300w, https:\/\/www.wecycle.de\/ladenlokal\/wp-content\/uploads\/2016\/04\/12140797_1349666678392100_4309130653460332594_n-450x484.jpg 450w, https:\/\/www.wecycle.de\/ladenlokal\/wp-content\/uploads\/2016\/04\/12140797_1349666678392100_4309130653460332594_n-600x646.jpg 600w, https:\/\/www.wecycle.de\/ladenlokal\/wp-content\/uploads\/2016\/04\/12140797_1349666678392100_4309130653460332594_n.jpg 892w\" sizes=\"(max-width: 297px) 100vw, 297px\" \/> <img loading=\"lazy\" decoding=\"async\" class=\"alignnone size-medium wp-image-527\" src=\"http:\/\/www.wecycle.de\/ladenlokal\/wp-content\/uploads\/2016\/04\/12920262_1349666825058752_5411032631653403657_n-320x244.jpg\" alt=\"12920262_1349666825058752_5411032631653403657_n\" width=\"320\" height=\"244\" srcset=\"https:\/\/www.wecycle.de\/ladenlokal\/wp-content\/uploads\/2016\/04\/12920262_1349666825058752_5411032631653403657_n-320x244.jpg 320w, https:\/\/www.wecycle.de\/ladenlokal\/wp-content\/uploads\/2016\/04\/12920262_1349666825058752_5411032631653403657_n-100x76.jpg 100w, https:\/\/www.wecycle.de\/ladenlokal\/wp-content\/uploads\/2016\/04\/12920262_1349666825058752_5411032631653403657_n-150x114.jpg 150w, https:\/\/www.wecycle.de\/ladenlokal\/wp-content\/uploads\/2016\/04\/12920262_1349666825058752_5411032631653403657_n-200x153.jpg 200w, https:\/\/www.wecycle.de\/ladenlokal\/wp-content\/uploads\/2016\/04\/12920262_1349666825058752_5411032631653403657_n-300x229.jpg 300w, https:\/\/www.wecycle.de\/ladenlokal\/wp-content\/uploads\/2016\/04\/12920262_1349666825058752_5411032631653403657_n-450x343.jpg 450w, https:\/\/www.wecycle.de\/ladenlokal\/wp-content\/uploads\/2016\/04\/12920262_1349666825058752_5411032631653403657_n-600x458.jpg 600w, https:\/\/www.wecycle.de\/ladenlokal\/wp-content\/uploads\/2016\/04\/12920262_1349666825058752_5411032631653403657_n-900x686.jpg 900w, https:\/\/www.wecycle.de\/ladenlokal\/wp-content\/uploads\/2016\/04\/12920262_1349666825058752_5411032631653403657_n.jpg 960w\" sizes=\"(max-width: 320px) 100vw, 320px\" \/><\/p>\n","protected":false},"excerpt":{"rendered":"<p>Der Alltag hat sie wieder- Sonnenverw\u00f6hnt sind Matthias und Markus gesund aus Ihrem Trainingslager in S\u00fcdfrankreich zur\u00fcck! W\u00e4hrend bei uns das Wetter und die Temperaturen nicht wirklich aus dem Quark kommen hatten sie bei wirklichem Kaiserwetter mit Sonne und um<span class=\"ellipsis\">&hellip;<\/span><\/p>\n<div class=\"read-more\"><a href=\"https:\/\/www.wecycle.de\/ladenlokal\/allgemein\/trainingslager-suedfrankreich\">Weiterlesen \u203a<\/a><\/div>\n<p><!-- end of .read-more --><\/p>\n","protected":false},"author":2,"featured_media":514,"comment_status":"closed","ping_status":"closed","sticky":false,"template":"","format":"standard","meta":{"_acf_changed":false,"footnotes":""},"categories":[1,3],"tags":[],"acf":[],"_links":{"self":[{"href":"https:\/\/www.wecycle.de\/ladenlokal\/wp-json\/wp\/v2\/posts\/513"}],"collection":[{"href":"https:\/\/www.wecycle.de\/ladenlokal\/wp-json\/wp\/v2\/posts"}],"about":[{"href":"https:\/\/www.wecycle.de\/ladenlokal\/wp-json\/wp\/v2\/types\/post"}],"author":[{"embeddable":true,"href":"https:\/\/www.wecycle.de\/ladenlokal\/wp-json\/wp\/v2\/users\/2"}],"replies":[{"embeddable":true,"href":"https:\/\/www.wecycle.de\/ladenlokal\/wp-json\/wp\/v2\/comments?post=513"}],"version-history":[{"count":0,"href":"https:\/\/www.wecycle.de\/ladenlokal\/wp-json\/wp\/v2\/posts\/513\/revisions"}],"wp:featuredmedia":[{"embeddable":true,"href":"https:\/\/www.wecycle.de\/ladenlokal\/wp-json\/wp\/v2\/media\/514"}],"wp:attachment":[{"href":"https:\/\/www.wecycle.de\/ladenlokal\/wp-json\/wp\/v2\/media?parent=513"}],"wp:term":[{"taxonomy":"category","embeddable":true,"href":"https:\/\/www.wecycle.de\/ladenlokal\/wp-json\/wp\/v2\/categories?post=513"},{"taxonomy":"post_tag","embeddable":true,"href":"https:\/\/www.wecycle.de\/ladenlokal\/wp-json\/wp\/v2\/tags?post=513"}],"curies":[{"name":"wp","href":"https:\/\/api.w.org\/{rel}","templated":true}]}}