

{"id":503,"date":"2016-03-10T14:49:20","date_gmt":"2016-03-10T13:49:20","guid":{"rendered":"http:\/\/www.wecycle.de\/ladenlokal\/?p=503"},"modified":"2016-07-11T12:47:22","modified_gmt":"2016-07-11T10:47:22","slug":"neu-bei-uns-brake-force-one","status":"publish","type":"post","link":"https:\/\/www.wecycle.de\/ladenlokal\/allgemein\/neu-bei-uns-brake-force-one","title":{"rendered":"Neu bei uns: Brake Force One"},"content":{"rendered":"<p><img loading=\"lazy\" decoding=\"async\" src=\"http:\/\/www.wecycle.de\/ladenlokal\/wp-content\/uploads\/2016\/03\/brake_foce_one_banner_shop.jpg\" alt=\"brake_foce_one_banner_shop\" width=\"723\" height=\"300\" class=\"alignnone size-full wp-image-504\" srcset=\"https:\/\/www.wecycle.de\/ladenlokal\/wp-content\/uploads\/2016\/03\/brake_foce_one_banner_shop.jpg 723w, https:\/\/www.wecycle.de\/ladenlokal\/wp-content\/uploads\/2016\/03\/brake_foce_one_banner_shop-320x133.jpg 320w, https:\/\/www.wecycle.de\/ladenlokal\/wp-content\/uploads\/2016\/03\/brake_foce_one_banner_shop-100x41.jpg 100w, https:\/\/www.wecycle.de\/ladenlokal\/wp-content\/uploads\/2016\/03\/brake_foce_one_banner_shop-150x62.jpg 150w, https:\/\/www.wecycle.de\/ladenlokal\/wp-content\/uploads\/2016\/03\/brake_foce_one_banner_shop-200x83.jpg 200w, https:\/\/www.wecycle.de\/ladenlokal\/wp-content\/uploads\/2016\/03\/brake_foce_one_banner_shop-300x124.jpg 300w, https:\/\/www.wecycle.de\/ladenlokal\/wp-content\/uploads\/2016\/03\/brake_foce_one_banner_shop-450x187.jpg 450w, https:\/\/www.wecycle.de\/ladenlokal\/wp-content\/uploads\/2016\/03\/brake_foce_one_banner_shop-600x249.jpg 600w\" sizes=\"(max-width: 723px) 100vw, 723px\" \/><br \/>\nNeu bei we cycle: Brake Force One<\/p>\n<p><a href =\"http:\/\/www.wecycle.de\/Brake-Force-One\/\" target=\"_new\">http:\/\/www.wecycle.de\/Brake-Force-One\/<\/a><\/p>\n<p>Einige von Euch haben bestimmt schon davon geh\u00f6rt. Die Bremse arbeitet mit Wasser anstatt Dot bzw. \u00d6L.<\/p>\n<p>Aber warum Wasser ?<br \/>\nWarum nicht?! Wasser hat eine h\u00f6here W\u00e4rmekapazit\u00e4t und eine geringere W\u00e4rmeausdehnung. Damit l\u00e4sst sich eine h\u00f6here W\u00e4rmestandfestigkeit erreichen. Zudem ist kein Austausch der Bremsfl\u00fcssigkeit n\u00f6tig, keine Belastung der Umwelt und kein \u00d6laustritt bei St\u00fcrzen. Mit einem 20% Glykolanteil ist auch der Winter kein Hindernis.<\/p>\n<p>Ein Mitarbeiter von uns f\u00e4hrt die Bremse und ist total Begeistert.<\/p>\n","protected":false},"excerpt":{"rendered":"<p>Neu bei we cycle: Brake Force One http:\/\/www.wecycle.de\/Brake-Force-One\/ Einige von Euch haben bestimmt schon davon geh\u00f6rt. Die Bremse arbeitet mit Wasser anstatt Dot bzw. \u00d6L. Aber warum Wasser ? Warum nicht?! Wasser hat eine h\u00f6here W\u00e4rmekapazit\u00e4t und eine geringere W\u00e4rmeausdehnung.<span class=\"ellipsis\">&hellip;<\/span><\/p>\n<div class=\"read-more\"><a href=\"https:\/\/www.wecycle.de\/ladenlokal\/allgemein\/neu-bei-uns-brake-force-one\">Weiterlesen \u203a<\/a><\/div>\n<p><!-- end of .read-more --><\/p>\n","protected":false},"author":1,"featured_media":504,"comment_status":"closed","ping_status":"closed","sticky":false,"template":"","format":"standard","meta":{"_acf_changed":false,"footnotes":""},"categories":[1],"tags":[],"acf":[],"_links":{"self":[{"href":"https:\/\/www.wecycle.de\/ladenlokal\/wp-json\/wp\/v2\/posts\/503"}],"collection":[{"href":"https:\/\/www.wecycle.de\/ladenlokal\/wp-json\/wp\/v2\/posts"}],"about":[{"href":"https:\/\/www.wecycle.de\/ladenlokal\/wp-json\/wp\/v2\/types\/post"}],"author":[{"embeddable":true,"href":"https:\/\/www.wecycle.de\/ladenlokal\/wp-json\/wp\/v2\/users\/1"}],"replies":[{"embeddable":true,"href":"https:\/\/www.wecycle.de\/ladenlokal\/wp-json\/wp\/v2\/comments?post=503"}],"version-history":[{"count":0,"href":"https:\/\/www.wecycle.de\/ladenlokal\/wp-json\/wp\/v2\/posts\/503\/revisions"}],"wp:featuredmedia":[{"embeddable":true,"href":"https:\/\/www.wecycle.de\/ladenlokal\/wp-json\/wp\/v2\/media\/504"}],"wp:attachment":[{"href":"https:\/\/www.wecycle.de\/ladenlokal\/wp-json\/wp\/v2\/media?parent=503"}],"wp:term":[{"taxonomy":"category","embeddable":true,"href":"https:\/\/www.wecycle.de\/ladenlokal\/wp-json\/wp\/v2\/categories?post=503"},{"taxonomy":"post_tag","embeddable":true,"href":"https:\/\/www.wecycle.de\/ladenlokal\/wp-json\/wp\/v2\/tags?post=503"}],"curies":[{"name":"wp","href":"https:\/\/api.w.org\/{rel}","templated":true}]}}