

{"id":494,"date":"2016-03-08T11:58:16","date_gmt":"2016-03-08T10:58:16","guid":{"rendered":"http:\/\/www.wecycle.de\/ladenlokal\/?p=494"},"modified":"2016-03-08T12:06:08","modified_gmt":"2016-03-08T11:06:08","slug":"team-raeder-2016","status":"publish","type":"post","link":"https:\/\/www.wecycle.de\/ladenlokal\/team-we-cycle\/team-raeder-2016","title":{"rendered":"Team-R\u00e4der 2016"},"content":{"rendered":"<p>Dies sind die <strong>Teamr\u00e4der<\/strong> f\u00fcr die Saison 2016 f\u00fcr das <strong>Team we cycle<\/strong>.<\/p>\n<p><img loading=\"lazy\" decoding=\"async\" src=\"http:\/\/www.wecycle.de\/ladenlokal\/wp-content\/uploads\/2016\/03\/Team_raeder_Nathalie_web-1024x637.jpg\" alt=\"Team_raeder_Nathalie_web\" width=\"605\" height=\"376\" class=\"alignnone size-large wp-image-497\" srcset=\"https:\/\/www.wecycle.de\/ladenlokal\/wp-content\/uploads\/2016\/03\/Team_raeder_Nathalie_web-1024x637.jpg 1024w, https:\/\/www.wecycle.de\/ladenlokal\/wp-content\/uploads\/2016\/03\/Team_raeder_Nathalie_web-320x199.jpg 320w, https:\/\/www.wecycle.de\/ladenlokal\/wp-content\/uploads\/2016\/03\/Team_raeder_Nathalie_web-100x62.jpg 100w, https:\/\/www.wecycle.de\/ladenlokal\/wp-content\/uploads\/2016\/03\/Team_raeder_Nathalie_web-150x93.jpg 150w, https:\/\/www.wecycle.de\/ladenlokal\/wp-content\/uploads\/2016\/03\/Team_raeder_Nathalie_web-200x124.jpg 200w, https:\/\/www.wecycle.de\/ladenlokal\/wp-content\/uploads\/2016\/03\/Team_raeder_Nathalie_web-300x187.jpg 300w, https:\/\/www.wecycle.de\/ladenlokal\/wp-content\/uploads\/2016\/03\/Team_raeder_Nathalie_web-450x280.jpg 450w, https:\/\/www.wecycle.de\/ladenlokal\/wp-content\/uploads\/2016\/03\/Team_raeder_Nathalie_web-600x373.jpg 600w, https:\/\/www.wecycle.de\/ladenlokal\/wp-content\/uploads\/2016\/03\/Team_raeder_Nathalie_web-900x560.jpg 900w, https:\/\/www.wecycle.de\/ladenlokal\/wp-content\/uploads\/2016\/03\/Team_raeder_Nathalie_web.jpg 1600w\" sizes=\"(max-width: 605px) 100vw, 605px\" \/><\/p>\n<p><img loading=\"lazy\" decoding=\"async\" src=\"http:\/\/www.wecycle.de\/ladenlokal\/wp-content\/uploads\/2016\/03\/Team_raeder_Matthias_web-1024x637.jpg\" alt=\"Team_raeder_Matthias_web\" width=\"605\" height=\"376\" class=\"alignnone size-large wp-image-496\" srcset=\"https:\/\/www.wecycle.de\/ladenlokal\/wp-content\/uploads\/2016\/03\/Team_raeder_Matthias_web-1024x637.jpg 1024w, https:\/\/www.wecycle.de\/ladenlokal\/wp-content\/uploads\/2016\/03\/Team_raeder_Matthias_web-320x199.jpg 320w, https:\/\/www.wecycle.de\/ladenlokal\/wp-content\/uploads\/2016\/03\/Team_raeder_Matthias_web-100x62.jpg 100w, https:\/\/www.wecycle.de\/ladenlokal\/wp-content\/uploads\/2016\/03\/Team_raeder_Matthias_web-150x93.jpg 150w, https:\/\/www.wecycle.de\/ladenlokal\/wp-content\/uploads\/2016\/03\/Team_raeder_Matthias_web-200x124.jpg 200w, https:\/\/www.wecycle.de\/ladenlokal\/wp-content\/uploads\/2016\/03\/Team_raeder_Matthias_web-300x187.jpg 300w, https:\/\/www.wecycle.de\/ladenlokal\/wp-content\/uploads\/2016\/03\/Team_raeder_Matthias_web-450x280.jpg 450w, https:\/\/www.wecycle.de\/ladenlokal\/wp-content\/uploads\/2016\/03\/Team_raeder_Matthias_web-600x373.jpg 600w, https:\/\/www.wecycle.de\/ladenlokal\/wp-content\/uploads\/2016\/03\/Team_raeder_Matthias_web-900x560.jpg 900w, https:\/\/www.wecycle.de\/ladenlokal\/wp-content\/uploads\/2016\/03\/Team_raeder_Matthias_web.jpg 1600w\" sizes=\"(max-width: 605px) 100vw, 605px\" \/><\/p>\n<p><img loading=\"lazy\" decoding=\"async\" src=\"http:\/\/www.wecycle.de\/ladenlokal\/wp-content\/uploads\/2016\/03\/Team_raeder_Markus_web-1024x637.jpg\" alt=\"Team_raeder_Markus_web\" width=\"605\" height=\"376\" class=\"alignnone size-large wp-image-495\" srcset=\"https:\/\/www.wecycle.de\/ladenlokal\/wp-content\/uploads\/2016\/03\/Team_raeder_Markus_web-1024x637.jpg 1024w, https:\/\/www.wecycle.de\/ladenlokal\/wp-content\/uploads\/2016\/03\/Team_raeder_Markus_web-320x199.jpg 320w, https:\/\/www.wecycle.de\/ladenlokal\/wp-content\/uploads\/2016\/03\/Team_raeder_Markus_web-100x62.jpg 100w, https:\/\/www.wecycle.de\/ladenlokal\/wp-content\/uploads\/2016\/03\/Team_raeder_Markus_web-150x93.jpg 150w, https:\/\/www.wecycle.de\/ladenlokal\/wp-content\/uploads\/2016\/03\/Team_raeder_Markus_web-200x124.jpg 200w, https:\/\/www.wecycle.de\/ladenlokal\/wp-content\/uploads\/2016\/03\/Team_raeder_Markus_web-300x187.jpg 300w, https:\/\/www.wecycle.de\/ladenlokal\/wp-content\/uploads\/2016\/03\/Team_raeder_Markus_web-450x280.jpg 450w, https:\/\/www.wecycle.de\/ladenlokal\/wp-content\/uploads\/2016\/03\/Team_raeder_Markus_web-600x373.jpg 600w, https:\/\/www.wecycle.de\/ladenlokal\/wp-content\/uploads\/2016\/03\/Team_raeder_Markus_web-900x560.jpg 900w, https:\/\/www.wecycle.de\/ladenlokal\/wp-content\/uploads\/2016\/03\/Team_raeder_Markus_web.jpg 1600w\" sizes=\"(max-width: 605px) 100vw, 605px\" \/><\/p>\n","protected":false},"excerpt":{"rendered":"<p>Dies sind die Teamr\u00e4der f\u00fcr die Saison 2016 f\u00fcr das Team we cycle.<\/p>\n","protected":false},"author":1,"featured_media":0,"comment_status":"closed","ping_status":"closed","sticky":false,"template":"","format":"standard","meta":{"_acf_changed":false,"footnotes":""},"categories":[3],"tags":[],"acf":[],"_links":{"self":[{"href":"https:\/\/www.wecycle.de\/ladenlokal\/wp-json\/wp\/v2\/posts\/494"}],"collection":[{"href":"https:\/\/www.wecycle.de\/ladenlokal\/wp-json\/wp\/v2\/posts"}],"about":[{"href":"https:\/\/www.wecycle.de\/ladenlokal\/wp-json\/wp\/v2\/types\/post"}],"author":[{"embeddable":true,"href":"https:\/\/www.wecycle.de\/ladenlokal\/wp-json\/wp\/v2\/users\/1"}],"replies":[{"embeddable":true,"href":"https:\/\/www.wecycle.de\/ladenlokal\/wp-json\/wp\/v2\/comments?post=494"}],"version-history":[{"count":0,"href":"https:\/\/www.wecycle.de\/ladenlokal\/wp-json\/wp\/v2\/posts\/494\/revisions"}],"wp:attachment":[{"href":"https:\/\/www.wecycle.de\/ladenlokal\/wp-json\/wp\/v2\/media?parent=494"}],"wp:term":[{"taxonomy":"category","embeddable":true,"href":"https:\/\/www.wecycle.de\/ladenlokal\/wp-json\/wp\/v2\/categories?post=494"},{"taxonomy":"post_tag","embeddable":true,"href":"https:\/\/www.wecycle.de\/ladenlokal\/wp-json\/wp\/v2\/tags?post=494"}],"curies":[{"name":"wp","href":"https:\/\/api.w.org\/{rel}","templated":true}]}}