

{"id":492,"date":"2016-03-04T11:20:51","date_gmt":"2016-03-04T10:20:51","guid":{"rendered":"http:\/\/www.wecycle.de\/ladenlokal\/?p=492"},"modified":"2016-03-04T11:20:51","modified_gmt":"2016-03-04T10:20:51","slug":"grosses-testbike-wochenende-am-05-und-06-maerz","status":"publish","type":"post","link":"https:\/\/www.wecycle.de\/ladenlokal\/allgemein\/grosses-testbike-wochenende-am-05-und-06-maerz","title":{"rendered":"Gro\u00dfes Testbike Wochenende am 05. und 06. M\u00e4rz"},"content":{"rendered":"<p>Bei uns an diesem Wochenende die Besten testen &#8211; Testbikes von Scott, Cube und Bergamont&#8230;<br \/>\nIm Rahmen unserer offiziellen Er\u00f6ffnung an diesem Wochenende habt Ihr die M\u00f6glichkeit eine gro\u00dfe Auswahl an R\u00e4dern der neuen Saison bei uns auf Herz und Nieren zu testen.<br \/>\nSpeziell f\u00fcr die Mountainbike-Testfahrten habt Ihr die M\u00f6glichkeit, die Bikes auf einer ca. 8,5km langen Schleife zu testen. Die Runde ist extra so gew\u00e4hlt, dass die Bikes auf allen Untergr\u00fcnden, bergauf und bergab Euch einen definitiven Eindruck \u00fcber ihr Potential vermitteln werden. Die Testschleife wird an beiden Tagen je nach Nachfrage mehrmals t\u00e4glich angeboten und von mindestens einem Guide aus unserem Rennteam (http:\/\/www.wecycle.de\/ladenlokal\/team) gef\u00fchrt, damit ihr wieder gut bei uns ankommt.<br \/>\nSonntag um 10:00 und 13:00 Uhr bieten wir Euch eine l\u00e4ngere Tour um die 30-35km (ebenfalls gef\u00fchrt) an- hier k\u00f6nnt ihr entweder mit den zur Verf\u00fcgung stehenden Testbikes teilnehmen oder ihr kommt mit dem eigenene Bike vorbei.<br \/>\nWas die Testbikes betrifft gilt f\u00fcr diese Tour: wer zuerst kommt f\u00e4hrt zuerst, Anmeldung auf ein Testbike gerne vorab per Mail (info@wecycle.de) oder vor Ort m\u00f6glich, aber es sollte unterwegs innerhalb der Gruppe so gut es geht getauscht werden, damit jeder sein Wunschbike auch einmal fahren kann.<br \/>\nSolltet Ihr die BIkes auf der Strecke testen wollen, denkt bitte dran, entsprechende Bekleidung und ggf. Pedale mitzubringen<br \/>\nNachfolgend noch die Liste der zu Verf\u00fcgung stehenden Testbikes<\/p>\n<p>Cube:<br \/>\n2x Nutrail (17&#8243; + 19&#8243;)<br \/>\n1x Stereo Hybrid 140 (18&#8243;)<br \/>\n1x Stereo Hybrid 120 (19&#8243;)<br \/>\n1x Travel Hybrid<\/p>\n<p>Scott:<br \/>\n1x E Genius 710PLUS (M)<br \/>\n1x Genius LT tuned PLUS (M)<br \/>\n1x SOLACE 20 DISC (L)<br \/>\n1x GENIUS 930 (L)<br \/>\n1x E GENIUS 920 (M)<\/p>\n<p>Bergamont:<br \/>\n1x Trailster 9.0 (M)<br \/>\n1x Deerhunter 8.0 (47)<br \/>\n1x E-Line Contrail C 8.0 (M)<br \/>\n1x E-Line Trailster C 7.0 400 (M)<br \/>\n1x E-Line Revox C 8.0 (M)<br \/>\n1x E-Line C XT 400 gent (52)<br \/>\n1x E-Line C N330 400 wave (48)<br \/>\n1x E-Line C N8 CB 400 wave (48)<br \/>\n1x E-Ville C XT Nyon (48)<br \/>\n1x E-Ville C N330 400 (48)<br \/>\n1x E-Ville C A8 400 (52)<br \/>\n1x E-Line Sweep N8 DI2 Herren (52)<br \/>\n1x E-Line C Deore Performance Damen (48)<\/p>\n","protected":false},"excerpt":{"rendered":"<p>Bei uns an diesem Wochenende die Besten testen &#8211; Testbikes von Scott, Cube und Bergamont&#8230; Im Rahmen unserer offiziellen Er\u00f6ffnung an diesem Wochenende habt Ihr die M\u00f6glichkeit eine gro\u00dfe Auswahl an R\u00e4dern der neuen Saison bei uns auf Herz und<span class=\"ellipsis\">&hellip;<\/span><\/p>\n<div class=\"read-more\"><a href=\"https:\/\/www.wecycle.de\/ladenlokal\/allgemein\/grosses-testbike-wochenende-am-05-und-06-maerz\">Weiterlesen \u203a<\/a><\/div>\n<p><!-- end of .read-more --><\/p>\n","protected":false},"author":1,"featured_media":0,"comment_status":"closed","ping_status":"closed","sticky":false,"template":"","format":"standard","meta":{"_acf_changed":false,"footnotes":""},"categories":[1],"tags":[],"acf":[],"_links":{"self":[{"href":"https:\/\/www.wecycle.de\/ladenlokal\/wp-json\/wp\/v2\/posts\/492"}],"collection":[{"href":"https:\/\/www.wecycle.de\/ladenlokal\/wp-json\/wp\/v2\/posts"}],"about":[{"href":"https:\/\/www.wecycle.de\/ladenlokal\/wp-json\/wp\/v2\/types\/post"}],"author":[{"embeddable":true,"href":"https:\/\/www.wecycle.de\/ladenlokal\/wp-json\/wp\/v2\/users\/1"}],"replies":[{"embeddable":true,"href":"https:\/\/www.wecycle.de\/ladenlokal\/wp-json\/wp\/v2\/comments?post=492"}],"version-history":[{"count":0,"href":"https:\/\/www.wecycle.de\/ladenlokal\/wp-json\/wp\/v2\/posts\/492\/revisions"}],"wp:attachment":[{"href":"https:\/\/www.wecycle.de\/ladenlokal\/wp-json\/wp\/v2\/media?parent=492"}],"wp:term":[{"taxonomy":"category","embeddable":true,"href":"https:\/\/www.wecycle.de\/ladenlokal\/wp-json\/wp\/v2\/categories?post=492"},{"taxonomy":"post_tag","embeddable":true,"href":"https:\/\/www.wecycle.de\/ladenlokal\/wp-json\/wp\/v2\/tags?post=492"}],"curies":[{"name":"wp","href":"https:\/\/api.w.org\/{rel}","templated":true}]}}