

{"id":475,"date":"2016-02-22T12:26:09","date_gmt":"2016-02-22T11:26:09","guid":{"rendered":"http:\/\/www.wecycle.de\/ladenlokal\/?p=475"},"modified":"2016-02-22T17:56:20","modified_gmt":"2016-02-22T16:56:20","slug":"produkt-der-woche-8-reverse-escape-flat-fahrrad-pedal-schwarz","status":"publish","type":"post","link":"https:\/\/www.wecycle.de\/ladenlokal\/allgemein\/produkt-der-woche-8-reverse-escape-flat-fahrrad-pedal-schwarz","title":{"rendered":"Produkt der Woche #8 \u2013 Reverse Escape Flat Fahrrad Pedal schwarz"},"content":{"rendered":"<p>Ein guter und sicherer Stand auf dem Pedal ist genauso wichtig wie die Traktion zwischen Reifen und Boden. Mit dem Reverse Escape Pedal ist dieser entscheidende Faktor mit viel Style verschmolzen. Die Standfl\u00e4che des Escape s ist sehr gro\u00dfz\u00fcgig gestaltet und bietet auch Bikern mit gr\u00f6\u00dferen F\u00fc\u00dfen einen optimalen Halt. Ein weiterer Vorteil des Pedals sind die austauschbaren Pins und die &#8220; anti rotate-function&#8220; gegen unerw\u00fcnschtes Pedaldurchdrehen. Um das Pedal optisch perfekt an dein Bike anpassen zu k\u00f6nnen, bieten wir von Reverse Components das Escape Pedal in acht verschiedenen Farben an.<\/p>\n<p>http:\/\/www.wecycle.de\/Teile\/Reverse-Escape-Flat-Fahrrad-Pedal-schwarz.html<\/p>\n<p><img loading=\"lazy\" decoding=\"async\" class=\"alignnone size-full wp-image-250\" src=\"http:\/\/www.wecycle.de\/ladenlokal\/wp-content\/uploads\/2015\/12\/ion_logo.png\" alt=\"ion_logo\" width=\"100\" height=\"33\" \/><\/p>\n","protected":false},"excerpt":{"rendered":"<p>Ein guter und sicherer Stand auf dem Pedal ist genauso wichtig wie die Traktion zwischen Reifen und Boden. Mit dem Reverse Escape Pedal ist dieser entscheidende Faktor mit viel Style verschmolzen. Die Standfl\u00e4che des Escape s ist sehr gro\u00dfz\u00fcgig gestaltet<span class=\"ellipsis\">&hellip;<\/span><\/p>\n<div class=\"read-more\"><a href=\"https:\/\/www.wecycle.de\/ladenlokal\/allgemein\/produkt-der-woche-8-reverse-escape-flat-fahrrad-pedal-schwarz\">Weiterlesen \u203a<\/a><\/div>\n<p><!-- end of .read-more --><\/p>\n","protected":false},"author":1,"featured_media":476,"comment_status":"closed","ping_status":"closed","sticky":false,"template":"","format":"standard","meta":{"_acf_changed":false,"footnotes":""},"categories":[1,7],"tags":[],"acf":[],"_links":{"self":[{"href":"https:\/\/www.wecycle.de\/ladenlokal\/wp-json\/wp\/v2\/posts\/475"}],"collection":[{"href":"https:\/\/www.wecycle.de\/ladenlokal\/wp-json\/wp\/v2\/posts"}],"about":[{"href":"https:\/\/www.wecycle.de\/ladenlokal\/wp-json\/wp\/v2\/types\/post"}],"author":[{"embeddable":true,"href":"https:\/\/www.wecycle.de\/ladenlokal\/wp-json\/wp\/v2\/users\/1"}],"replies":[{"embeddable":true,"href":"https:\/\/www.wecycle.de\/ladenlokal\/wp-json\/wp\/v2\/comments?post=475"}],"version-history":[{"count":0,"href":"https:\/\/www.wecycle.de\/ladenlokal\/wp-json\/wp\/v2\/posts\/475\/revisions"}],"wp:featuredmedia":[{"embeddable":true,"href":"https:\/\/www.wecycle.de\/ladenlokal\/wp-json\/wp\/v2\/media\/476"}],"wp:attachment":[{"href":"https:\/\/www.wecycle.de\/ladenlokal\/wp-json\/wp\/v2\/media?parent=475"}],"wp:term":[{"taxonomy":"category","embeddable":true,"href":"https:\/\/www.wecycle.de\/ladenlokal\/wp-json\/wp\/v2\/categories?post=475"},{"taxonomy":"post_tag","embeddable":true,"href":"https:\/\/www.wecycle.de\/ladenlokal\/wp-json\/wp\/v2\/tags?post=475"}],"curies":[{"name":"wp","href":"https:\/\/api.w.org\/{rel}","templated":true}]}}