

{"id":2034,"date":"2020-09-08T10:32:05","date_gmt":"2020-09-08T08:32:05","guid":{"rendered":"https:\/\/www.wecycle.de\/ladenlokal\/?p=2034"},"modified":"2020-10-27T12:02:14","modified_gmt":"2020-10-27T11:02:14","slug":"bergamont-produkt-neuheiten-modelljahr-2021","status":"publish","type":"post","link":"https:\/\/www.wecycle.de\/ladenlokal\/allgemein\/bergamont-produkt-neuheiten-modelljahr-2021","title":{"rendered":"BERGAMONT NEUHEITEN MODELLJAHR 2021"},"content":{"rendered":"<p><a href=\"https:\/\/www.wecycle.de\/Marken\/Bergamont\/Bergamont-Modelljahr-2021\/\"><img loading=\"lazy\" decoding=\"async\" src=\"https:\/\/www.wecycle.de\/ladenlokal\/wp-content\/uploads\/2020\/09\/banner_bergamont_2021_1.png\" alt=\"\" width=\"1350\" height=\"450\" class=\"aligncenter size-full wp-image-2035\" srcset=\"https:\/\/www.wecycle.de\/ladenlokal\/wp-content\/uploads\/2020\/09\/banner_bergamont_2021_1.png 1350w, https:\/\/www.wecycle.de\/ladenlokal\/wp-content\/uploads\/2020\/09\/banner_bergamont_2021_1-320x107.png 320w, https:\/\/www.wecycle.de\/ladenlokal\/wp-content\/uploads\/2020\/09\/banner_bergamont_2021_1-1024x341.png 1024w, https:\/\/www.wecycle.de\/ladenlokal\/wp-content\/uploads\/2020\/09\/banner_bergamont_2021_1-100x33.png 100w, https:\/\/www.wecycle.de\/ladenlokal\/wp-content\/uploads\/2020\/09\/banner_bergamont_2021_1-150x50.png 150w, https:\/\/www.wecycle.de\/ladenlokal\/wp-content\/uploads\/2020\/09\/banner_bergamont_2021_1-200x67.png 200w, https:\/\/www.wecycle.de\/ladenlokal\/wp-content\/uploads\/2020\/09\/banner_bergamont_2021_1-300x100.png 300w, https:\/\/www.wecycle.de\/ladenlokal\/wp-content\/uploads\/2020\/09\/banner_bergamont_2021_1-450x150.png 450w, https:\/\/www.wecycle.de\/ladenlokal\/wp-content\/uploads\/2020\/09\/banner_bergamont_2021_1-600x200.png 600w, https:\/\/www.wecycle.de\/ladenlokal\/wp-content\/uploads\/2020\/09\/banner_bergamont_2021_1-900x300.png 900w\" sizes=\"(max-width: 1350px) 100vw, 1350px\" \/><\/a><br \/>\nJetzt neu in unseren Ladenlokalen Riegelsberg, St.Wendel und im Online Shop: <a href=\"https:\/\/www.wecycle.de\/\">https:\/\/www.wecycle.de\/<\/a> erh\u00e4ltlich.<br \/>\nKommen Sie vorbei und lassen Sie sich von uns Beraten.<br \/>\nBergamont bietet Fahrr\u00e4der, die stets mit viel Herzblut entwickelt werden. Das spiegelt sich auf interessante Art und Weise im Charakter der R\u00e4der wider. Es handelt sich bei jedem Fahrrad um einen treuen Begleiter im Alltag, der auch h\u00f6chsten Anspr\u00fcchen in Sachen Qualit\u00e4t und Technik gerecht wird. Jedes Rad muss den kritischen Augen des Teams bestehen. Das Ergebnis: Technisch innovativ entwickelte Fahrr\u00e4der, die mit Design punkten. Insbesondere Kunden, die sehr hohe Anspr\u00fcche haben, werden von dem Hamburger Unternehmen positiv \u00fcberrascht sein.<!--more--><\/p>\n<p><strong>we cycle St. Wendel GmbH &#038; Co. KG<br \/>\nLinxweilerstra\u00dfe 27a<br \/>\n66606 St. Wendel<\/p>\n<p>we cycle Zweirad GmbH &#038; Co. KG<br \/>\nSaarbr\u00fcckerstrasse 171<br \/>\n66292 Riegelsberg<\/p>\n<p>Kontakt:<br \/>\nTel: 06806 9878960<br \/>\nFax: 06806 98789621<br \/>\neMail: info@wecycle.de<\/strong><\/p>\n","protected":false},"excerpt":{"rendered":"<p>Jetzt neu in unseren Ladenlokalen Riegelsberg, St.Wendel und im Online Shop: https:\/\/www.wecycle.de\/ erh\u00e4ltlich. Kommen Sie vorbei und lassen Sie sich von uns Beraten. Bergamont bietet Fahrr\u00e4der, die stets mit viel Herzblut entwickelt werden. Das spiegelt sich auf interessante Art und<span class=\"ellipsis\">&hellip;<\/span><\/p>\n<div class=\"read-more\"><a href=\"https:\/\/www.wecycle.de\/ladenlokal\/allgemein\/bergamont-produkt-neuheiten-modelljahr-2021\">Weiterlesen \u203a<\/a><\/div>\n<p><!-- end of .read-more --><\/p>\n","protected":false},"author":7,"featured_media":0,"comment_status":"closed","ping_status":"closed","sticky":false,"template":"","format":"standard","meta":{"_acf_changed":false,"footnotes":""},"categories":[1],"tags":[],"acf":[],"_links":{"self":[{"href":"https:\/\/www.wecycle.de\/ladenlokal\/wp-json\/wp\/v2\/posts\/2034"}],"collection":[{"href":"https:\/\/www.wecycle.de\/ladenlokal\/wp-json\/wp\/v2\/posts"}],"about":[{"href":"https:\/\/www.wecycle.de\/ladenlokal\/wp-json\/wp\/v2\/types\/post"}],"author":[{"embeddable":true,"href":"https:\/\/www.wecycle.de\/ladenlokal\/wp-json\/wp\/v2\/users\/7"}],"replies":[{"embeddable":true,"href":"https:\/\/www.wecycle.de\/ladenlokal\/wp-json\/wp\/v2\/comments?post=2034"}],"version-history":[{"count":0,"href":"https:\/\/www.wecycle.de\/ladenlokal\/wp-json\/wp\/v2\/posts\/2034\/revisions"}],"wp:attachment":[{"href":"https:\/\/www.wecycle.de\/ladenlokal\/wp-json\/wp\/v2\/media?parent=2034"}],"wp:term":[{"taxonomy":"category","embeddable":true,"href":"https:\/\/www.wecycle.de\/ladenlokal\/wp-json\/wp\/v2\/categories?post=2034"},{"taxonomy":"post_tag","embeddable":true,"href":"https:\/\/www.wecycle.de\/ladenlokal\/wp-json\/wp\/v2\/tags?post=2034"}],"curies":[{"name":"wp","href":"https:\/\/api.w.org\/{rel}","templated":true}]}}