

{"id":2025,"date":"2020-07-27T11:40:51","date_gmt":"2020-07-27T09:40:51","guid":{"rendered":"https:\/\/www.wecycle.de\/ladenlokal\/?p=2025"},"modified":"2020-07-27T11:40:51","modified_gmt":"2020-07-27T09:40:51","slug":"cube-modelljahr-2021","status":"publish","type":"post","link":"https:\/\/www.wecycle.de\/ladenlokal\/allgemein\/cube-modelljahr-2021","title":{"rendered":"Cube Modelljahr 2021"},"content":{"rendered":"<p><a href=\"https:\/\/www.wecycle.de\/Cube-2021\/\">Cube Modelljahr 2021<img loading=\"lazy\" decoding=\"async\" src=\"https:\/\/www.wecycle.de\/ladenlokal\/wp-content\/uploads\/2020\/07\/Cube2021.jpg\" alt=\"Modelljahr Cube 2021\" width=\"1300\" height=\"390\" class=\"aligncenter size-full wp-image-2024\" srcset=\"https:\/\/www.wecycle.de\/ladenlokal\/wp-content\/uploads\/2020\/07\/Cube2021.jpg 1300w, https:\/\/www.wecycle.de\/ladenlokal\/wp-content\/uploads\/2020\/07\/Cube2021-320x96.jpg 320w, https:\/\/www.wecycle.de\/ladenlokal\/wp-content\/uploads\/2020\/07\/Cube2021-1024x307.jpg 1024w, https:\/\/www.wecycle.de\/ladenlokal\/wp-content\/uploads\/2020\/07\/Cube2021-100x30.jpg 100w, https:\/\/www.wecycle.de\/ladenlokal\/wp-content\/uploads\/2020\/07\/Cube2021-150x45.jpg 150w, https:\/\/www.wecycle.de\/ladenlokal\/wp-content\/uploads\/2020\/07\/Cube2021-200x60.jpg 200w, https:\/\/www.wecycle.de\/ladenlokal\/wp-content\/uploads\/2020\/07\/Cube2021-300x90.jpg 300w, https:\/\/www.wecycle.de\/ladenlokal\/wp-content\/uploads\/2020\/07\/Cube2021-450x135.jpg 450w, https:\/\/www.wecycle.de\/ladenlokal\/wp-content\/uploads\/2020\/07\/Cube2021-600x180.jpg 600w, https:\/\/www.wecycle.de\/ladenlokal\/wp-content\/uploads\/2020\/07\/Cube2021-900x270.jpg 900w\" sizes=\"(max-width: 1300px) 100vw, 1300px\" \/><\/a><\/p>\n<h1>Cube Modelljahr 2021<\/h1>\n<p>Bewegung macht Freude und h\u00e4lt den K\u00f6rper fit. CUBE begleitet Sie als innovativer Partner auf und fernab der Wege. Mit hochwertigen CUBE Bikes f\u00fcr Damen, Herren und Kinder sowie passender Kleidung und praktischem Zubeh\u00f6r bew\u00e4ltigen Sie den Stadtverkehr, das freie Gel\u00e4nde oder Wettk\u00e4mpfe. Dabei achtet die Marke stets auf Pr\u00e4zision, Sicherheit und Widerstandsf\u00e4higkeit. Entdecken Sie die umfangreiche Produktpalette von CUBE in unserem Onlineshop. Fahrr\u00e4der f\u00fcr das Freizeitvergn\u00fcgen, Mountainbikes f\u00fcr bergiges Terrain oder E-Bikes: f\u00fcr jeden Anspruch ist das ideale Modell dabei. Bei we cycle erhalten Sie verl\u00e4ssliche Qualit\u00e4tsware \u201eMady in Germany\u201c zu Spitzenpreisen.<\/p>\n","protected":false},"excerpt":{"rendered":"<p>Cube Modelljahr 2021 Cube Modelljahr 2021 Bewegung macht Freude und h\u00e4lt den K\u00f6rper fit. CUBE begleitet Sie als innovativer Partner auf und fernab der Wege. Mit hochwertigen CUBE Bikes f\u00fcr Damen, Herren und Kinder sowie passender Kleidung und praktischem Zubeh\u00f6r<span class=\"ellipsis\">&hellip;<\/span><\/p>\n<div class=\"read-more\"><a href=\"https:\/\/www.wecycle.de\/ladenlokal\/allgemein\/cube-modelljahr-2021\">Weiterlesen \u203a<\/a><\/div>\n<p><!-- end of .read-more --><\/p>\n","protected":false},"author":7,"featured_media":0,"comment_status":"closed","ping_status":"closed","sticky":false,"template":"","format":"standard","meta":{"_acf_changed":false,"footnotes":""},"categories":[1],"tags":[],"acf":[],"_links":{"self":[{"href":"https:\/\/www.wecycle.de\/ladenlokal\/wp-json\/wp\/v2\/posts\/2025"}],"collection":[{"href":"https:\/\/www.wecycle.de\/ladenlokal\/wp-json\/wp\/v2\/posts"}],"about":[{"href":"https:\/\/www.wecycle.de\/ladenlokal\/wp-json\/wp\/v2\/types\/post"}],"author":[{"embeddable":true,"href":"https:\/\/www.wecycle.de\/ladenlokal\/wp-json\/wp\/v2\/users\/7"}],"replies":[{"embeddable":true,"href":"https:\/\/www.wecycle.de\/ladenlokal\/wp-json\/wp\/v2\/comments?post=2025"}],"version-history":[{"count":0,"href":"https:\/\/www.wecycle.de\/ladenlokal\/wp-json\/wp\/v2\/posts\/2025\/revisions"}],"wp:attachment":[{"href":"https:\/\/www.wecycle.de\/ladenlokal\/wp-json\/wp\/v2\/media?parent=2025"}],"wp:term":[{"taxonomy":"category","embeddable":true,"href":"https:\/\/www.wecycle.de\/ladenlokal\/wp-json\/wp\/v2\/categories?post=2025"},{"taxonomy":"post_tag","embeddable":true,"href":"https:\/\/www.wecycle.de\/ladenlokal\/wp-json\/wp\/v2\/tags?post=2025"}],"curies":[{"name":"wp","href":"https:\/\/api.w.org\/{rel}","templated":true}]}}