

{"id":2002,"date":"2020-07-15T11:59:00","date_gmt":"2020-07-15T09:59:00","guid":{"rendered":"https:\/\/www.wecycle.de\/ladenlokal\/?p=2002"},"modified":"2020-07-15T11:59:00","modified_gmt":"2020-07-15T09:59:00","slug":"we-cycle-3d-rundgang-360","status":"publish","type":"post","link":"https:\/\/www.wecycle.de\/ladenlokal\/allgemein\/we-cycle-3d-rundgang-360","title":{"rendered":"we cycle &#8211; 3D Rundgang 360"},"content":{"rendered":"<p><iframe loading=\"lazy\" width=\"560\" height=\"315\" src=\"https:\/\/www.youtube.com\/embed\/zLABKKG88mg\" frameborder=\"0\" allow=\"accelerometer; autoplay; encrypted-media; gyroscope; picture-in-picture\" allowfullscreen><\/iframe><\/p>\n<p>Mach Dich jetzt mobil auf wecycle.de.<br \/>\nhttps:\/\/www.wecycle.de\/<br \/>\nhttps:\/\/www.facebook.com\/wecyclede\/?ref=bookmarks<br \/>\nhttps:\/\/www.instagram.com\/wecyclede\/<\/p>\n<p>Mit aktuellster Kamera-Technik ist es Markus Lutz m\u00f6glich 3D-Darstellungen von R\u00e4umen oder ganzen Geb\u00e4uden zu erstellen. Wir waren zusammen mit ihm bei we cycle und durften ihm bei seiner revolution\u00e4ren Arbeit \u00fcber die Schulter schauen. (Werbung)<br \/>\nHier geht es zum Rundgang: https:\/\/my.matterport.com\/show\/?m=8rf&#8230;<\/p>\n<p>Fotolutz Complex GmbH<br \/>\nMetzer Stra\u00dfe 158<br \/>\n66117 Saarbr\u00fccken<br \/>\noffice@fotolutz.com<br \/>\n0681 3720122<\/p>\n<p>we cycle St. Wendel GmbH &#038; Co. KG<br \/>\nLinxweilerstra\u00dfe 27a<br \/>\n66606 St. Wendel<\/p>\n<p>we cycle Zweirad GmbH &#038; Co. KG<br \/>\nSaarbr\u00fcckerstrasse 171<br \/>\n66292 Riegelsberg<\/p>\n<p>Kontakt:<br \/>\nTel: 06806 9878960<br \/>\nFax: 06806 98789621<br \/>\neMail: info@wecycle.de<\/p>\n","protected":false},"excerpt":{"rendered":"<p>Mach Dich jetzt mobil auf wecycle.de. https:\/\/www.wecycle.de\/ https:\/\/www.facebook.com\/wecyclede\/?ref=bookmarks https:\/\/www.instagram.com\/wecyclede\/ Mit aktuellster Kamera-Technik ist es Markus Lutz m\u00f6glich 3D-Darstellungen von R\u00e4umen oder ganzen Geb\u00e4uden zu erstellen. Wir waren zusammen mit ihm bei we cycle und durften ihm bei seiner revolution\u00e4ren Arbeit<span class=\"ellipsis\">&hellip;<\/span><\/p>\n<div class=\"read-more\"><a href=\"https:\/\/www.wecycle.de\/ladenlokal\/allgemein\/we-cycle-3d-rundgang-360\">Weiterlesen \u203a<\/a><\/div>\n<p><!-- end of .read-more --><\/p>\n","protected":false},"author":7,"featured_media":0,"comment_status":"closed","ping_status":"closed","sticky":false,"template":"","format":"standard","meta":{"_acf_changed":false,"footnotes":""},"categories":[1],"tags":[],"acf":[],"_links":{"self":[{"href":"https:\/\/www.wecycle.de\/ladenlokal\/wp-json\/wp\/v2\/posts\/2002"}],"collection":[{"href":"https:\/\/www.wecycle.de\/ladenlokal\/wp-json\/wp\/v2\/posts"}],"about":[{"href":"https:\/\/www.wecycle.de\/ladenlokal\/wp-json\/wp\/v2\/types\/post"}],"author":[{"embeddable":true,"href":"https:\/\/www.wecycle.de\/ladenlokal\/wp-json\/wp\/v2\/users\/7"}],"replies":[{"embeddable":true,"href":"https:\/\/www.wecycle.de\/ladenlokal\/wp-json\/wp\/v2\/comments?post=2002"}],"version-history":[{"count":0,"href":"https:\/\/www.wecycle.de\/ladenlokal\/wp-json\/wp\/v2\/posts\/2002\/revisions"}],"wp:attachment":[{"href":"https:\/\/www.wecycle.de\/ladenlokal\/wp-json\/wp\/v2\/media?parent=2002"}],"wp:term":[{"taxonomy":"category","embeddable":true,"href":"https:\/\/www.wecycle.de\/ladenlokal\/wp-json\/wp\/v2\/categories?post=2002"},{"taxonomy":"post_tag","embeddable":true,"href":"https:\/\/www.wecycle.de\/ladenlokal\/wp-json\/wp\/v2\/tags?post=2002"}],"curies":[{"name":"wp","href":"https:\/\/api.w.org\/{rel}","templated":true}]}}