

{"id":1900,"date":"2020-04-25T09:33:28","date_gmt":"2020-04-25T07:33:28","guid":{"rendered":"https:\/\/www.wecycle.de\/ladenlokal\/?p=1900"},"modified":"2020-04-27T09:22:05","modified_gmt":"2020-04-27T07:22:05","slug":"25-04-2020-geschlossen","status":"publish","type":"post","link":"https:\/\/www.wecycle.de\/ladenlokal\/allgemein\/25-04-2020-geschlossen","title":{"rendered":"25.04.2020 Geschlossen!"},"content":{"rendered":"<p>Liebe Kunden,<\/p>\n<p>Wir m\u00f6chten uns bei Euch f\u00fcr das entgegengebrachte Vertrauen in den letzten Wochen bedanken.<br \/>\nDANKE!<br \/>\nDer Ansturm an Bestellungen war immens hoch, so dass wir uns entschieden haben unsere Ladenlokale in Riegelsberg und St. Wendel am Samstag, 25.4.2020 f\u00fcr Kundenverkehr nicht zu \u00f6ffnen.<br \/>\nDiese Stunden m\u00fcssen wir nutzen, um die Bestellungen abzuarbeiten und unsere Verkaufsr\u00e4ume wieder aufzuf\u00fcllen, damit ihr euch die Ware vor Ort auch anschauen k\u00f6nnt.<br \/>\nDa die Neuradmontage mit gro\u00dfer Sorgfalt ausgef\u00fchrt werden muss, damit ihr jederzeit sicher mit unseren Fahrr\u00e4dern unterwegs seid, bitten Wir um euer Verst\u00e4ndnis.<\/p>\n<p>Ab Montag, 27.04.20 sind wir dann wieder pers\u00f6nlich f\u00fcr Euch da<\/p>\n","protected":false},"excerpt":{"rendered":"<p>Liebe Kunden, Wir m\u00f6chten uns bei Euch f\u00fcr das entgegengebrachte Vertrauen in den letzten Wochen bedanken. DANKE! Der Ansturm an Bestellungen war immens hoch, so dass wir uns entschieden haben unsere Ladenlokale in Riegelsberg und St. Wendel am Samstag, 25.4.2020<span class=\"ellipsis\">&hellip;<\/span><\/p>\n<div class=\"read-more\"><a href=\"https:\/\/www.wecycle.de\/ladenlokal\/allgemein\/25-04-2020-geschlossen\">Weiterlesen \u203a<\/a><\/div>\n<p><!-- end of .read-more --><\/p>\n","protected":false},"author":1,"featured_media":0,"comment_status":"closed","ping_status":"closed","sticky":false,"template":"","format":"standard","meta":{"_acf_changed":false,"footnotes":""},"categories":[1],"tags":[],"acf":[],"_links":{"self":[{"href":"https:\/\/www.wecycle.de\/ladenlokal\/wp-json\/wp\/v2\/posts\/1900"}],"collection":[{"href":"https:\/\/www.wecycle.de\/ladenlokal\/wp-json\/wp\/v2\/posts"}],"about":[{"href":"https:\/\/www.wecycle.de\/ladenlokal\/wp-json\/wp\/v2\/types\/post"}],"author":[{"embeddable":true,"href":"https:\/\/www.wecycle.de\/ladenlokal\/wp-json\/wp\/v2\/users\/1"}],"replies":[{"embeddable":true,"href":"https:\/\/www.wecycle.de\/ladenlokal\/wp-json\/wp\/v2\/comments?post=1900"}],"version-history":[{"count":0,"href":"https:\/\/www.wecycle.de\/ladenlokal\/wp-json\/wp\/v2\/posts\/1900\/revisions"}],"wp:attachment":[{"href":"https:\/\/www.wecycle.de\/ladenlokal\/wp-json\/wp\/v2\/media?parent=1900"}],"wp:term":[{"taxonomy":"category","embeddable":true,"href":"https:\/\/www.wecycle.de\/ladenlokal\/wp-json\/wp\/v2\/categories?post=1900"},{"taxonomy":"post_tag","embeddable":true,"href":"https:\/\/www.wecycle.de\/ladenlokal\/wp-json\/wp\/v2\/tags?post=1900"}],"curies":[{"name":"wp","href":"https:\/\/api.w.org\/{rel}","templated":true}]}}