

{"id":1775,"date":"2020-01-06T17:36:37","date_gmt":"2020-01-06T16:36:37","guid":{"rendered":"https:\/\/www.wecycle.de\/ladenlokal\/?p=1775"},"modified":"2020-01-06T17:36:48","modified_gmt":"2020-01-06T16:36:48","slug":"produkt-der-woche-3","status":"publish","type":"post","link":"https:\/\/www.wecycle.de\/ladenlokal\/allgemein\/produkt-der-woche-3","title":{"rendered":"Produkt der Woche!"},"content":{"rendered":"<div class=\"\" data-block=\"true\" data-editor=\"d1aii\" data-offset-key=\"dk3i9-0-0\">\n<div class=\"_1mf _1mj\" data-offset-key=\"dk3i9-0-0\"><span data-offset-key=\"dk3i9-0-0\">Produkt der Woche!<\/span><\/div>\n<\/div>\n<div class=\"\" data-block=\"true\" data-editor=\"d1aii\" data-offset-key=\"dc1o6-0-0\">\n<div class=\"_1mf _1mj\" data-offset-key=\"dc1o6-0-0\"><span data-offset-key=\"dc1o6-0-0\">\u00a0<\/span><\/div>\n<\/div>\n<div class=\"\" data-block=\"true\" data-editor=\"d1aii\" data-offset-key=\"2tge-0-0\">\n<div class=\"_1mf _1mj\" data-offset-key=\"2tge-0-0\"><span data-offset-key=\"2tge-0-0\">Erh\u00f6he die Transportkapazit\u00e4t deines Fahrrads mit einem robusten Gep\u00e4cktr\u00e4ger, um deine Eink\u00e4ufe zu transportieren oder dich f\u00fcr Langstreckentouren zu r\u00fcsten, und sichere deinen wertvollsten Besitz mit einem hochwertigen Schloss von Bontrager.<\/span><\/div>\n<\/div>\n<div class=\"\" data-block=\"true\" data-editor=\"d1aii\" data-offset-key=\"cie8g-0-0\">\n<div class=\"_1mf _1mj\" data-offset-key=\"cie8g-0-0\"><span data-offset-key=\"cie8g-0-0\">\u00a0<\/span><\/div>\n<\/div>\n<div class=\"\" data-block=\"true\" data-editor=\"d1aii\" data-offset-key=\"ealh0-0-0\">\n<div class=\"_1mf _1mj\" data-offset-key=\"ealh0-0-0\"><a href=\"https:\/\/www.wecycle.de\/Zubehoer\/Schloesser\/Bontrager-Elite-Fahrrad-Faltschloss-schwarz.html\">https:\/\/www.wecycle.de\/Zubehoer\/Schloesser\/Bontrager-Elite-Fahrrad-Faltschloss-schwarz.html<\/a><\/div>\n<\/div>\n","protected":false},"excerpt":{"rendered":"<p>Produkt der Woche! \u00a0 Erh\u00f6he die Transportkapazit\u00e4t deines Fahrrads mit einem robusten Gep\u00e4cktr\u00e4ger, um deine Eink\u00e4ufe zu transportieren oder dich f\u00fcr Langstreckentouren zu r\u00fcsten, und sichere deinen wertvollsten Besitz mit einem hochwertigen Schloss von Bontrager. \u00a0 https:\/\/www.wecycle.de\/Zubehoer\/Schloesser\/Bontrager-Elite-Fahrrad-Faltschloss-schwarz.html<\/p>\n","protected":false},"author":1,"featured_media":0,"comment_status":"closed","ping_status":"closed","sticky":false,"template":"","format":"standard","meta":{"_acf_changed":false,"footnotes":""},"categories":[1],"tags":[],"acf":[],"_links":{"self":[{"href":"https:\/\/www.wecycle.de\/ladenlokal\/wp-json\/wp\/v2\/posts\/1775"}],"collection":[{"href":"https:\/\/www.wecycle.de\/ladenlokal\/wp-json\/wp\/v2\/posts"}],"about":[{"href":"https:\/\/www.wecycle.de\/ladenlokal\/wp-json\/wp\/v2\/types\/post"}],"author":[{"embeddable":true,"href":"https:\/\/www.wecycle.de\/ladenlokal\/wp-json\/wp\/v2\/users\/1"}],"replies":[{"embeddable":true,"href":"https:\/\/www.wecycle.de\/ladenlokal\/wp-json\/wp\/v2\/comments?post=1775"}],"version-history":[{"count":0,"href":"https:\/\/www.wecycle.de\/ladenlokal\/wp-json\/wp\/v2\/posts\/1775\/revisions"}],"wp:attachment":[{"href":"https:\/\/www.wecycle.de\/ladenlokal\/wp-json\/wp\/v2\/media?parent=1775"}],"wp:term":[{"taxonomy":"category","embeddable":true,"href":"https:\/\/www.wecycle.de\/ladenlokal\/wp-json\/wp\/v2\/categories?post=1775"},{"taxonomy":"post_tag","embeddable":true,"href":"https:\/\/www.wecycle.de\/ladenlokal\/wp-json\/wp\/v2\/tags?post=1775"}],"curies":[{"name":"wp","href":"https:\/\/api.w.org\/{rel}","templated":true}]}}