

{"id":1748,"date":"2019-11-27T13:36:52","date_gmt":"2019-11-27T12:36:52","guid":{"rendered":"https:\/\/www.wecycle.de\/ladenlokal\/?p=1748"},"modified":"2019-11-27T13:36:52","modified_gmt":"2019-11-27T12:36:52","slug":"wir-wuenschen-euch-eine-frohe-vorweihnachtszeit-2019","status":"publish","type":"post","link":"https:\/\/www.wecycle.de\/ladenlokal\/allgemein\/wir-wuenschen-euch-eine-frohe-vorweihnachtszeit-2019","title":{"rendered":"Wir w\u00fcnschen Euch eine frohe Vorweihnachtszeit! 2019"},"content":{"rendered":"<p>Wir w\u00fcnschen Euch eine frohe Vorweihnachtszeit!<\/p>\n<p>&#8230; und sollte Euch der Geschenkestress \u00fcber die Ohren wachsen, macht es Euch einfach und st\u00f6bert in unserem Onlineshop. https:\/\/www.wecycle.de\/<\/p>\n<p>Bei diesem riesigen Angebot werdet Ihr sicher das passende f\u00fcr Eure Lieben finden!<\/p>\n<p><a href=\"https:\/\/www.wecycle.de\/ladenlokal\/allgemein\/wir-wuenschen-euch-eine-frohe-vorweihnachtszeit-2019\/attachment\/77125910_1334413950066044_5134794583900684288_n-1\" rel=\"attachment wp-att-1749\"><img loading=\"lazy\" decoding=\"async\" src=\"https:\/\/www.wecycle.de\/ladenlokal\/wp-content\/uploads\/2019\/11\/77125910_1334413950066044_5134794583900684288_n-1.jpg\" alt=\"\" width=\"1488\" height=\"1984\" class=\"aligncenter size-full wp-image-1749\" srcset=\"https:\/\/www.wecycle.de\/ladenlokal\/wp-content\/uploads\/2019\/11\/77125910_1334413950066044_5134794583900684288_n-1.jpg 1488w, https:\/\/www.wecycle.de\/ladenlokal\/wp-content\/uploads\/2019\/11\/77125910_1334413950066044_5134794583900684288_n-1-240x320.jpg 240w, https:\/\/www.wecycle.de\/ladenlokal\/wp-content\/uploads\/2019\/11\/77125910_1334413950066044_5134794583900684288_n-1-768x1024.jpg 768w, https:\/\/www.wecycle.de\/ladenlokal\/wp-content\/uploads\/2019\/11\/77125910_1334413950066044_5134794583900684288_n-1-100x133.jpg 100w, https:\/\/www.wecycle.de\/ladenlokal\/wp-content\/uploads\/2019\/11\/77125910_1334413950066044_5134794583900684288_n-1-150x200.jpg 150w, https:\/\/www.wecycle.de\/ladenlokal\/wp-content\/uploads\/2019\/11\/77125910_1334413950066044_5134794583900684288_n-1-200x267.jpg 200w, https:\/\/www.wecycle.de\/ladenlokal\/wp-content\/uploads\/2019\/11\/77125910_1334413950066044_5134794583900684288_n-1-300x400.jpg 300w, https:\/\/www.wecycle.de\/ladenlokal\/wp-content\/uploads\/2019\/11\/77125910_1334413950066044_5134794583900684288_n-1-450x600.jpg 450w, https:\/\/www.wecycle.de\/ladenlokal\/wp-content\/uploads\/2019\/11\/77125910_1334413950066044_5134794583900684288_n-1-600x800.jpg 600w, https:\/\/www.wecycle.de\/ladenlokal\/wp-content\/uploads\/2019\/11\/77125910_1334413950066044_5134794583900684288_n-1-900x1200.jpg 900w\" sizes=\"(max-width: 1488px) 100vw, 1488px\" \/><\/a><\/p>\n<p><a href=\"https:\/\/www.wecycle.de\/ladenlokal\/allgemein\/wir-wuenschen-euch-eine-frohe-vorweihnachtszeit-2019\/attachment\/77048247_737409433446269_479508157723312128_n\" rel=\"attachment wp-att-1750\"><img loading=\"lazy\" decoding=\"async\" src=\"https:\/\/www.wecycle.de\/ladenlokal\/wp-content\/uploads\/2019\/11\/77048247_737409433446269_479508157723312128_n.jpg\" alt=\"\" width=\"1984\" height=\"1488\" class=\"aligncenter size-full wp-image-1750\" srcset=\"https:\/\/www.wecycle.de\/ladenlokal\/wp-content\/uploads\/2019\/11\/77048247_737409433446269_479508157723312128_n.jpg 1984w, https:\/\/www.wecycle.de\/ladenlokal\/wp-content\/uploads\/2019\/11\/77048247_737409433446269_479508157723312128_n-320x240.jpg 320w, https:\/\/www.wecycle.de\/ladenlokal\/wp-content\/uploads\/2019\/11\/77048247_737409433446269_479508157723312128_n-1024x768.jpg 1024w, https:\/\/www.wecycle.de\/ladenlokal\/wp-content\/uploads\/2019\/11\/77048247_737409433446269_479508157723312128_n-100x75.jpg 100w, https:\/\/www.wecycle.de\/ladenlokal\/wp-content\/uploads\/2019\/11\/77048247_737409433446269_479508157723312128_n-150x113.jpg 150w, https:\/\/www.wecycle.de\/ladenlokal\/wp-content\/uploads\/2019\/11\/77048247_737409433446269_479508157723312128_n-200x150.jpg 200w, https:\/\/www.wecycle.de\/ladenlokal\/wp-content\/uploads\/2019\/11\/77048247_737409433446269_479508157723312128_n-300x225.jpg 300w, https:\/\/www.wecycle.de\/ladenlokal\/wp-content\/uploads\/2019\/11\/77048247_737409433446269_479508157723312128_n-450x338.jpg 450w, https:\/\/www.wecycle.de\/ladenlokal\/wp-content\/uploads\/2019\/11\/77048247_737409433446269_479508157723312128_n-600x450.jpg 600w, https:\/\/www.wecycle.de\/ladenlokal\/wp-content\/uploads\/2019\/11\/77048247_737409433446269_479508157723312128_n-900x675.jpg 900w\" sizes=\"(max-width: 1984px) 100vw, 1984px\" \/><\/a><\/p>\n<p><a href=\"https:\/\/www.wecycle.de\/ladenlokal\/allgemein\/wir-wuenschen-euch-eine-frohe-vorweihnachtszeit-2019\/attachment\/73232596_574469276639103_9194873945298305024_n\" rel=\"attachment wp-att-1751\"><img loading=\"lazy\" decoding=\"async\" src=\"https:\/\/www.wecycle.de\/ladenlokal\/wp-content\/uploads\/2019\/11\/73232596_574469276639103_9194873945298305024_n.jpg\" alt=\"\" width=\"1984\" height=\"1488\" class=\"aligncenter size-full wp-image-1751\" srcset=\"https:\/\/www.wecycle.de\/ladenlokal\/wp-content\/uploads\/2019\/11\/73232596_574469276639103_9194873945298305024_n.jpg 1984w, https:\/\/www.wecycle.de\/ladenlokal\/wp-content\/uploads\/2019\/11\/73232596_574469276639103_9194873945298305024_n-320x240.jpg 320w, https:\/\/www.wecycle.de\/ladenlokal\/wp-content\/uploads\/2019\/11\/73232596_574469276639103_9194873945298305024_n-1024x768.jpg 1024w, https:\/\/www.wecycle.de\/ladenlokal\/wp-content\/uploads\/2019\/11\/73232596_574469276639103_9194873945298305024_n-100x75.jpg 100w, https:\/\/www.wecycle.de\/ladenlokal\/wp-content\/uploads\/2019\/11\/73232596_574469276639103_9194873945298305024_n-150x113.jpg 150w, https:\/\/www.wecycle.de\/ladenlokal\/wp-content\/uploads\/2019\/11\/73232596_574469276639103_9194873945298305024_n-200x150.jpg 200w, https:\/\/www.wecycle.de\/ladenlokal\/wp-content\/uploads\/2019\/11\/73232596_574469276639103_9194873945298305024_n-300x225.jpg 300w, https:\/\/www.wecycle.de\/ladenlokal\/wp-content\/uploads\/2019\/11\/73232596_574469276639103_9194873945298305024_n-450x338.jpg 450w, https:\/\/www.wecycle.de\/ladenlokal\/wp-content\/uploads\/2019\/11\/73232596_574469276639103_9194873945298305024_n-600x450.jpg 600w, https:\/\/www.wecycle.de\/ladenlokal\/wp-content\/uploads\/2019\/11\/73232596_574469276639103_9194873945298305024_n-900x675.jpg 900w\" sizes=\"(max-width: 1984px) 100vw, 1984px\" \/><\/a><\/p>\n<p><a href=\"https:\/\/www.wecycle.de\/ladenlokal\/allgemein\/wir-wuenschen-euch-eine-frohe-vorweihnachtszeit-2019\/attachment\/76722707_646479325756525_3160555373862060032_n\" rel=\"attachment wp-att-1752\"><img loading=\"lazy\" decoding=\"async\" src=\"https:\/\/www.wecycle.de\/ladenlokal\/wp-content\/uploads\/2019\/11\/76722707_646479325756525_3160555373862060032_n.jpg\" alt=\"\" width=\"1984\" height=\"1488\" class=\"aligncenter size-full wp-image-1752\" srcset=\"https:\/\/www.wecycle.de\/ladenlokal\/wp-content\/uploads\/2019\/11\/76722707_646479325756525_3160555373862060032_n.jpg 1984w, https:\/\/www.wecycle.de\/ladenlokal\/wp-content\/uploads\/2019\/11\/76722707_646479325756525_3160555373862060032_n-320x240.jpg 320w, https:\/\/www.wecycle.de\/ladenlokal\/wp-content\/uploads\/2019\/11\/76722707_646479325756525_3160555373862060032_n-1024x768.jpg 1024w, https:\/\/www.wecycle.de\/ladenlokal\/wp-content\/uploads\/2019\/11\/76722707_646479325756525_3160555373862060032_n-100x75.jpg 100w, https:\/\/www.wecycle.de\/ladenlokal\/wp-content\/uploads\/2019\/11\/76722707_646479325756525_3160555373862060032_n-150x113.jpg 150w, https:\/\/www.wecycle.de\/ladenlokal\/wp-content\/uploads\/2019\/11\/76722707_646479325756525_3160555373862060032_n-200x150.jpg 200w, https:\/\/www.wecycle.de\/ladenlokal\/wp-content\/uploads\/2019\/11\/76722707_646479325756525_3160555373862060032_n-300x225.jpg 300w, https:\/\/www.wecycle.de\/ladenlokal\/wp-content\/uploads\/2019\/11\/76722707_646479325756525_3160555373862060032_n-450x338.jpg 450w, https:\/\/www.wecycle.de\/ladenlokal\/wp-content\/uploads\/2019\/11\/76722707_646479325756525_3160555373862060032_n-600x450.jpg 600w, https:\/\/www.wecycle.de\/ladenlokal\/wp-content\/uploads\/2019\/11\/76722707_646479325756525_3160555373862060032_n-900x675.jpg 900w\" sizes=\"(max-width: 1984px) 100vw, 1984px\" \/><\/a><\/p>\n<p><a href=\"https:\/\/www.wecycle.de\/ladenlokal\/allgemein\/wir-wuenschen-euch-eine-frohe-vorweihnachtszeit-2019\/attachment\/76767508_588669081942623_3325720050626723840_n\" rel=\"attachment wp-att-1753\"><img loading=\"lazy\" decoding=\"async\" src=\"https:\/\/www.wecycle.de\/ladenlokal\/wp-content\/uploads\/2019\/11\/76767508_588669081942623_3325720050626723840_n.jpg\" alt=\"\" width=\"1488\" height=\"1984\" class=\"aligncenter size-full wp-image-1753\" srcset=\"https:\/\/www.wecycle.de\/ladenlokal\/wp-content\/uploads\/2019\/11\/76767508_588669081942623_3325720050626723840_n.jpg 1488w, https:\/\/www.wecycle.de\/ladenlokal\/wp-content\/uploads\/2019\/11\/76767508_588669081942623_3325720050626723840_n-240x320.jpg 240w, https:\/\/www.wecycle.de\/ladenlokal\/wp-content\/uploads\/2019\/11\/76767508_588669081942623_3325720050626723840_n-768x1024.jpg 768w, https:\/\/www.wecycle.de\/ladenlokal\/wp-content\/uploads\/2019\/11\/76767508_588669081942623_3325720050626723840_n-100x133.jpg 100w, https:\/\/www.wecycle.de\/ladenlokal\/wp-content\/uploads\/2019\/11\/76767508_588669081942623_3325720050626723840_n-150x200.jpg 150w, https:\/\/www.wecycle.de\/ladenlokal\/wp-content\/uploads\/2019\/11\/76767508_588669081942623_3325720050626723840_n-200x267.jpg 200w, https:\/\/www.wecycle.de\/ladenlokal\/wp-content\/uploads\/2019\/11\/76767508_588669081942623_3325720050626723840_n-300x400.jpg 300w, https:\/\/www.wecycle.de\/ladenlokal\/wp-content\/uploads\/2019\/11\/76767508_588669081942623_3325720050626723840_n-450x600.jpg 450w, https:\/\/www.wecycle.de\/ladenlokal\/wp-content\/uploads\/2019\/11\/76767508_588669081942623_3325720050626723840_n-600x800.jpg 600w, https:\/\/www.wecycle.de\/ladenlokal\/wp-content\/uploads\/2019\/11\/76767508_588669081942623_3325720050626723840_n-900x1200.jpg 900w\" sizes=\"(max-width: 1488px) 100vw, 1488px\" \/><\/a><\/p>\n","protected":false},"excerpt":{"rendered":"<p>Wir w\u00fcnschen Euch eine frohe Vorweihnachtszeit! &#8230; und sollte Euch der Geschenkestress \u00fcber die Ohren wachsen, macht es Euch einfach und st\u00f6bert in unserem Onlineshop. https:\/\/www.wecycle.de\/ Bei diesem riesigen Angebot werdet Ihr sicher das passende f\u00fcr Eure Lieben finden!<\/p>\n","protected":false},"author":1,"featured_media":0,"comment_status":"closed","ping_status":"closed","sticky":false,"template":"","format":"standard","meta":{"_acf_changed":false,"footnotes":""},"categories":[1],"tags":[],"acf":[],"_links":{"self":[{"href":"https:\/\/www.wecycle.de\/ladenlokal\/wp-json\/wp\/v2\/posts\/1748"}],"collection":[{"href":"https:\/\/www.wecycle.de\/ladenlokal\/wp-json\/wp\/v2\/posts"}],"about":[{"href":"https:\/\/www.wecycle.de\/ladenlokal\/wp-json\/wp\/v2\/types\/post"}],"author":[{"embeddable":true,"href":"https:\/\/www.wecycle.de\/ladenlokal\/wp-json\/wp\/v2\/users\/1"}],"replies":[{"embeddable":true,"href":"https:\/\/www.wecycle.de\/ladenlokal\/wp-json\/wp\/v2\/comments?post=1748"}],"version-history":[{"count":0,"href":"https:\/\/www.wecycle.de\/ladenlokal\/wp-json\/wp\/v2\/posts\/1748\/revisions"}],"wp:attachment":[{"href":"https:\/\/www.wecycle.de\/ladenlokal\/wp-json\/wp\/v2\/media?parent=1748"}],"wp:term":[{"taxonomy":"category","embeddable":true,"href":"https:\/\/www.wecycle.de\/ladenlokal\/wp-json\/wp\/v2\/categories?post=1748"},{"taxonomy":"post_tag","embeddable":true,"href":"https:\/\/www.wecycle.de\/ladenlokal\/wp-json\/wp\/v2\/tags?post=1748"}],"curies":[{"name":"wp","href":"https:\/\/api.w.org\/{rel}","templated":true}]}}