

{"id":1627,"date":"2019-04-10T11:15:46","date_gmt":"2019-04-10T09:15:46","guid":{"rendered":"https:\/\/www.wecycle.de\/ladenlokal\/?p=1627"},"modified":"2019-04-10T11:18:20","modified_gmt":"2019-04-10T09:18:20","slug":"we-cycle-gewinnspiele","status":"publish","type":"post","link":"https:\/\/www.wecycle.de\/ladenlokal\/allgemein\/we-cycle-gewinnspiele","title":{"rendered":"we cycle Gewinnspiele"},"content":{"rendered":"<div>\n<h1>Gewinnspiel we cycle im Saarland:<\/h1>\n<p>\nWir freuen uns, die Gewinnerin des Gewinnspieles zu verk\u00fcnden:<\/p>\n<p>Die ambitionierte Marathonl\u00e4uferin Frau Janine K. wurde am 02.04.2019 das Cube Reaction Hybrid Pro im Wert von 2.299,00\u20ac feierlich \u00fcbergeben.<\/p>\n<p>Herzlichen Gl\u00fcckwunsch, wir w\u00fcnschen Ihnen viel Fahrspa\u00df!\n<\/p>\n<\/div>\n<p><img loading=\"lazy\" decoding=\"async\" src=\"https:\/\/www.wecycle.de\/ladenlokal\/wp-content\/uploads\/2019\/04\/IMG_20190402_175547-e1554887879871-768x1024.jpg\" alt=\"St. Wendel we cycle\" width=\"605\" height=\"807\" class=\"alignright size-large wp-image-1628\" srcset=\"https:\/\/www.wecycle.de\/ladenlokal\/wp-content\/uploads\/2019\/04\/IMG_20190402_175547-e1554887879871-768x1024.jpg 768w, https:\/\/www.wecycle.de\/ladenlokal\/wp-content\/uploads\/2019\/04\/IMG_20190402_175547-e1554887879871-240x320.jpg 240w, https:\/\/www.wecycle.de\/ladenlokal\/wp-content\/uploads\/2019\/04\/IMG_20190402_175547-e1554887879871-100x133.jpg 100w, https:\/\/www.wecycle.de\/ladenlokal\/wp-content\/uploads\/2019\/04\/IMG_20190402_175547-e1554887879871-150x200.jpg 150w, https:\/\/www.wecycle.de\/ladenlokal\/wp-content\/uploads\/2019\/04\/IMG_20190402_175547-e1554887879871-200x267.jpg 200w, https:\/\/www.wecycle.de\/ladenlokal\/wp-content\/uploads\/2019\/04\/IMG_20190402_175547-e1554887879871-300x400.jpg 300w, https:\/\/www.wecycle.de\/ladenlokal\/wp-content\/uploads\/2019\/04\/IMG_20190402_175547-e1554887879871-450x600.jpg 450w, https:\/\/www.wecycle.de\/ladenlokal\/wp-content\/uploads\/2019\/04\/IMG_20190402_175547-e1554887879871-600x800.jpg 600w, https:\/\/www.wecycle.de\/ladenlokal\/wp-content\/uploads\/2019\/04\/IMG_20190402_175547-e1554887879871-900x1200.jpg 900w\" sizes=\"(max-width: 605px) 100vw, 605px\" \/><\/p>\n","protected":false},"excerpt":{"rendered":"<p>Gewinnspiel we cycle im Saarland: Wir freuen uns, die Gewinnerin des Gewinnspieles zu verk\u00fcnden: Die ambitionierte Marathonl\u00e4uferin Frau Janine K. wurde am 02.04.2019 das Cube Reaction Hybrid Pro im Wert von 2.299,00\u20ac feierlich \u00fcbergeben. Herzlichen Gl\u00fcckwunsch, wir w\u00fcnschen Ihnen viel<span class=\"ellipsis\">&hellip;<\/span><\/p>\n<div class=\"read-more\"><a href=\"https:\/\/www.wecycle.de\/ladenlokal\/allgemein\/we-cycle-gewinnspiele\">Weiterlesen \u203a<\/a><\/div>\n<p><!-- end of .read-more --><\/p>\n","protected":false},"author":1,"featured_media":0,"comment_status":"closed","ping_status":"closed","sticky":false,"template":"","format":"standard","meta":{"_acf_changed":false,"footnotes":""},"categories":[1],"tags":[],"acf":[],"_links":{"self":[{"href":"https:\/\/www.wecycle.de\/ladenlokal\/wp-json\/wp\/v2\/posts\/1627"}],"collection":[{"href":"https:\/\/www.wecycle.de\/ladenlokal\/wp-json\/wp\/v2\/posts"}],"about":[{"href":"https:\/\/www.wecycle.de\/ladenlokal\/wp-json\/wp\/v2\/types\/post"}],"author":[{"embeddable":true,"href":"https:\/\/www.wecycle.de\/ladenlokal\/wp-json\/wp\/v2\/users\/1"}],"replies":[{"embeddable":true,"href":"https:\/\/www.wecycle.de\/ladenlokal\/wp-json\/wp\/v2\/comments?post=1627"}],"version-history":[{"count":0,"href":"https:\/\/www.wecycle.de\/ladenlokal\/wp-json\/wp\/v2\/posts\/1627\/revisions"}],"wp:attachment":[{"href":"https:\/\/www.wecycle.de\/ladenlokal\/wp-json\/wp\/v2\/media?parent=1627"}],"wp:term":[{"taxonomy":"category","embeddable":true,"href":"https:\/\/www.wecycle.de\/ladenlokal\/wp-json\/wp\/v2\/categories?post=1627"},{"taxonomy":"post_tag","embeddable":true,"href":"https:\/\/www.wecycle.de\/ladenlokal\/wp-json\/wp\/v2\/tags?post=1627"}],"curies":[{"name":"wp","href":"https:\/\/api.w.org\/{rel}","templated":true}]}}