

{"id":1531,"date":"2019-03-04T11:17:55","date_gmt":"2019-03-04T10:17:55","guid":{"rendered":"https:\/\/www.wecycle.de\/ladenlokal\/?p=1531"},"modified":"2019-03-04T11:17:55","modified_gmt":"2019-03-04T10:17:55","slug":"saisonstart-in-riegelsberg-und-st-wendel","status":"publish","type":"post","link":"https:\/\/www.wecycle.de\/ladenlokal\/allgemein\/saisonstart-in-riegelsberg-und-st-wendel","title":{"rendered":"Saisonstart in Riegelsberg und St. Wendel"},"content":{"rendered":"<p><img loading=\"lazy\" decoding=\"async\" class=\"wp-image-1532 alignleft\" src=\"https:\/\/www.wecycle.de\/ladenlokal\/wp-content\/uploads\/2019\/03\/SZFinale_161x200-825x1024.jpg\" alt=\"\" width=\"458\" height=\"516\" \/><\/p>\n<p>&nbsp;<\/p>\n<p>&nbsp;<\/p>\n<p>&nbsp;<\/p>\n<p>&nbsp;<\/p>\n<p>&nbsp;<\/p>\n<p>&nbsp;<\/p>\n<p>&nbsp;<\/p>\n<p>&nbsp;<\/p>\n<p>&nbsp;<\/p>\n<p>&nbsp;<\/p>\n<p>&nbsp;<\/p>\n<p>&nbsp;<\/p>\n<p>&nbsp;<\/p>\n<p>&nbsp;<\/p>\n<p>&nbsp;<\/p>\n<p>&nbsp;<\/p>\n<p>&nbsp;<\/p>\n<p>&nbsp;<\/p>\n<p>&nbsp;<\/p>\n<p>&nbsp;<\/p>\n<p>&nbsp;<\/p>\n<p>&nbsp;<\/p>\n<p><strong>Starten Sie mit uns in die Saison<\/strong><\/p>\n<p>Sie finden uns dieses Jahr am 09. und 10. M\u00e4rz in unseren Filialen Riegelsberg und St. Wendel.<\/p>\n<p>Erleben und testen Sie an unserem Saisonwochenende die neusten Fahrr\u00e4der und E-Bikes der Top Hersteller Scott, Cube, Bergamont und Haibike.<br \/>\nMit Kinderrollern, Lauf- und Kinderfahr\u00e4dern der Marke Puky stehen bei uns auch die Kleinsten ihren Eltern in nichts nach.<\/p>\n<p>F\u00fcr das leibliche Wohl ist mit leckeren Burgern und Getr\u00e4nken bestens gesorgt und mit ein bisschen Gl\u00fcck gewinnen Sie vielleicht den 1. Preis unseres Gewinnspiels, ein brandneues Cube Analog.<\/p>\n<p>Unsere kleinen G\u00e4ste erwartet eine H\u00fcpfburg und Kinderschminken ab 13:00 Uhr.<\/p>\n<p>Wir freuen uns auf Sie und erwarten Sie am 09. Und 10. M\u00e4rz ab 9:00 Uhr zum Saisonstart bei we cycle<\/p>\n<p>Kommen Sie vorbei und feiern Sie mit uns!<\/p>\n<p>Hinweis:<br \/>\nAm Sonntag von 9-13 Uhr keine Beratung und kein Verkauf.<\/p>\n<p>Ihr we cycle Team<\/p>\n","protected":false},"excerpt":{"rendered":"<p>&nbsp; &nbsp; &nbsp; &nbsp; &nbsp; &nbsp; &nbsp; &nbsp; &nbsp; &nbsp; &nbsp; &nbsp; &nbsp; &nbsp; &nbsp; &nbsp; &nbsp; &nbsp; &nbsp; &nbsp; &nbsp; &nbsp; Starten Sie mit uns in die Saison Sie finden uns dieses Jahr am 09. und 10. M\u00e4rz in<span class=\"ellipsis\">&hellip;<\/span><\/p>\n<div class=\"read-more\"><a href=\"https:\/\/www.wecycle.de\/ladenlokal\/allgemein\/saisonstart-in-riegelsberg-und-st-wendel\">Weiterlesen \u203a<\/a><\/div>\n<p><!-- end of .read-more --><\/p>\n","protected":false},"author":1,"featured_media":0,"comment_status":"closed","ping_status":"closed","sticky":false,"template":"","format":"standard","meta":{"_acf_changed":false,"footnotes":""},"categories":[1],"tags":[],"acf":[],"_links":{"self":[{"href":"https:\/\/www.wecycle.de\/ladenlokal\/wp-json\/wp\/v2\/posts\/1531"}],"collection":[{"href":"https:\/\/www.wecycle.de\/ladenlokal\/wp-json\/wp\/v2\/posts"}],"about":[{"href":"https:\/\/www.wecycle.de\/ladenlokal\/wp-json\/wp\/v2\/types\/post"}],"author":[{"embeddable":true,"href":"https:\/\/www.wecycle.de\/ladenlokal\/wp-json\/wp\/v2\/users\/1"}],"replies":[{"embeddable":true,"href":"https:\/\/www.wecycle.de\/ladenlokal\/wp-json\/wp\/v2\/comments?post=1531"}],"version-history":[{"count":0,"href":"https:\/\/www.wecycle.de\/ladenlokal\/wp-json\/wp\/v2\/posts\/1531\/revisions"}],"wp:attachment":[{"href":"https:\/\/www.wecycle.de\/ladenlokal\/wp-json\/wp\/v2\/media?parent=1531"}],"wp:term":[{"taxonomy":"category","embeddable":true,"href":"https:\/\/www.wecycle.de\/ladenlokal\/wp-json\/wp\/v2\/categories?post=1531"},{"taxonomy":"post_tag","embeddable":true,"href":"https:\/\/www.wecycle.de\/ladenlokal\/wp-json\/wp\/v2\/tags?post=1531"}],"curies":[{"name":"wp","href":"https:\/\/api.w.org\/{rel}","templated":true}]}}