

{"id":1501,"date":"2018-03-19T17:24:56","date_gmt":"2018-03-19T16:24:56","guid":{"rendered":"https:\/\/www.wecycle.de\/ladenlokal\/?p=1501"},"modified":"2018-03-19T17:24:56","modified_gmt":"2018-03-19T16:24:56","slug":"zu-ostern-freude-schenken-kinderraeder-jetzt-verfuegbar","status":"publish","type":"post","link":"https:\/\/www.wecycle.de\/ladenlokal\/allgemein\/zu-ostern-freude-schenken-kinderraeder-jetzt-verfuegbar","title":{"rendered":"Zu Ostern Freude schenken &#8211; Kinderr\u00e4der jetzt verf\u00fcgbar"},"content":{"rendered":"<p><a href=\"https:\/\/www.wecycle.de\/Fahrraeder\/Kinderraeder\/\"><img loading=\"lazy\" decoding=\"async\" class=\"alignnone size-medium wp-image-1508\" src=\"https:\/\/www.wecycle.de\/ladenlokal\/wp-content\/uploads\/2018\/03\/OsternWP-1-320x180.jpg\" alt=\"\" width=\"320\" height=\"180\" srcset=\"https:\/\/www.wecycle.de\/ladenlokal\/wp-content\/uploads\/2018\/03\/OsternWP-1-320x180.jpg 320w, https:\/\/www.wecycle.de\/ladenlokal\/wp-content\/uploads\/2018\/03\/OsternWP-1-1024x576.jpg 1024w, https:\/\/www.wecycle.de\/ladenlokal\/wp-content\/uploads\/2018\/03\/OsternWP-1-100x56.jpg 100w, https:\/\/www.wecycle.de\/ladenlokal\/wp-content\/uploads\/2018\/03\/OsternWP-1-150x84.jpg 150w, https:\/\/www.wecycle.de\/ladenlokal\/wp-content\/uploads\/2018\/03\/OsternWP-1-200x112.jpg 200w, https:\/\/www.wecycle.de\/ladenlokal\/wp-content\/uploads\/2018\/03\/OsternWP-1-300x169.jpg 300w, https:\/\/www.wecycle.de\/ladenlokal\/wp-content\/uploads\/2018\/03\/OsternWP-1-450x253.jpg 450w, https:\/\/www.wecycle.de\/ladenlokal\/wp-content\/uploads\/2018\/03\/OsternWP-1-600x337.jpg 600w, https:\/\/www.wecycle.de\/ladenlokal\/wp-content\/uploads\/2018\/03\/OsternWP-1-900x506.jpg 900w, https:\/\/www.wecycle.de\/ladenlokal\/wp-content\/uploads\/2018\/03\/OsternWP-1.jpg 1334w\" sizes=\"(max-width: 320px) 100vw, 320px\" \/><\/a><\/p>\n<p>Ostern und der Fr\u00fchling stehen vor der T\u00fcr, Zeit den Kleinen eine Freude zu machen.<br \/>\nOb Laufrad, Roller, Kinderrad oder Jugendrad, wir haben Alles f\u00fcr Sie da &#8211; auch das passende Zubeh\u00f6r.<\/p>\n<p>Eine gro\u00dfe Auswahl an Produkten der Marken <a href=\"https:\/\/www.wecycle.de\/index.php?force_sid=3876fc0f3bb8c499e662a09290886b67&amp;cl=alist&amp;searchparam=&amp;cnid=25&amp;attrfilter%5BHersteller%5D%5BPuky%5D=1&amp;fnc=executefilter\">Puky<\/a>, <a href=\"https:\/\/www.wecycle.de\/index.php?force_sid=3876fc0f3bb8c499e662a09290886b67&amp;cl=alist&amp;searchparam=&amp;cnid=25&amp;attrfilter%5BHersteller%5D%5BCube%5D=1&amp;fnc=executefilter\">Cube,<\/a> <a href=\"https:\/\/www.wecycle.de\/index.php?force_sid=3876fc0f3bb8c499e662a09290886b67&amp;cl=alist&amp;searchparam=&amp;cnid=25&amp;attrfilter%5BHersteller%5D%5BScott%5D=1&amp;fnc=executefilter\">Scott<\/a> und <a href=\"https:\/\/www.wecycle.de\/index.php?force_sid=3876fc0f3bb8c499e662a09290886b67&amp;cl=alist&amp;searchparam=&amp;cnid=25&amp;attrfilter%5BHersteller%5D%5BBergamont%5D=1&amp;fnc=executefilter\">Bergamont<\/a> finden Sie in unseren Filialen in Riegelberg und Sankt Wendel und nat\u00fcrlich in unserem <a href=\"https:\/\/www.wecycle.de\/Fahrraeder\/Kinderraeder\/\">Online Shop<\/a><\/p>\n<p>Das we cycle Team freut sich auf Sie und steht gerne beratend zur Seite.<\/p>\n","protected":false},"excerpt":{"rendered":"<p>Ostern und der Fr\u00fchling stehen vor der T\u00fcr, Zeit den Kleinen eine Freude zu machen. Ob Laufrad, Roller, Kinderrad oder Jugendrad, wir haben Alles f\u00fcr Sie da &#8211; auch das passende Zubeh\u00f6r. Eine gro\u00dfe Auswahl an Produkten der Marken Puky,<span class=\"ellipsis\">&hellip;<\/span><\/p>\n<div class=\"read-more\"><a href=\"https:\/\/www.wecycle.de\/ladenlokal\/allgemein\/zu-ostern-freude-schenken-kinderraeder-jetzt-verfuegbar\">Weiterlesen \u203a<\/a><\/div>\n<p><!-- end of .read-more --><\/p>\n","protected":false},"author":6,"featured_media":0,"comment_status":"closed","ping_status":"closed","sticky":false,"template":"","format":"standard","meta":{"_acf_changed":false,"footnotes":""},"categories":[1],"tags":[],"acf":[],"_links":{"self":[{"href":"https:\/\/www.wecycle.de\/ladenlokal\/wp-json\/wp\/v2\/posts\/1501"}],"collection":[{"href":"https:\/\/www.wecycle.de\/ladenlokal\/wp-json\/wp\/v2\/posts"}],"about":[{"href":"https:\/\/www.wecycle.de\/ladenlokal\/wp-json\/wp\/v2\/types\/post"}],"author":[{"embeddable":true,"href":"https:\/\/www.wecycle.de\/ladenlokal\/wp-json\/wp\/v2\/users\/6"}],"replies":[{"embeddable":true,"href":"https:\/\/www.wecycle.de\/ladenlokal\/wp-json\/wp\/v2\/comments?post=1501"}],"version-history":[{"count":0,"href":"https:\/\/www.wecycle.de\/ladenlokal\/wp-json\/wp\/v2\/posts\/1501\/revisions"}],"wp:attachment":[{"href":"https:\/\/www.wecycle.de\/ladenlokal\/wp-json\/wp\/v2\/media?parent=1501"}],"wp:term":[{"taxonomy":"category","embeddable":true,"href":"https:\/\/www.wecycle.de\/ladenlokal\/wp-json\/wp\/v2\/categories?post=1501"},{"taxonomy":"post_tag","embeddable":true,"href":"https:\/\/www.wecycle.de\/ladenlokal\/wp-json\/wp\/v2\/tags?post=1501"}],"curies":[{"name":"wp","href":"https:\/\/api.w.org\/{rel}","templated":true}]}}