

{"id":1354,"date":"2017-08-28T08:51:43","date_gmt":"2017-08-28T06:51:43","guid":{"rendered":"https:\/\/www.wecycle.de\/ladenlokal\/?p=1354"},"modified":"2017-08-28T08:51:43","modified_gmt":"2017-08-28T06:51:43","slug":"produkt-der-woche-im-sale-ion-k-pact-knieschoner-schwarz-22","status":"publish","type":"post","link":"https:\/\/www.wecycle.de\/ladenlokal\/allgemein\/produkt-der-woche-im-sale-ion-k-pact-knieschoner-schwarz-22","title":{"rendered":"Produkt der Woche im SALE Ion K Pact Knieschoner schwarz -22%"},"content":{"rendered":"<p>ION ist daf\u00fcr gemacht um, sich selbst herauszufordern und die Natur mit all Ihrer Pracht und Macht zu sp\u00fcren&#8230; Daher entwickelt ION Ausr\u00fcstung, die nicht nur clever und innovativ ist, sondern packt die ganze Leidenschaft zudem in ein einzigartiges Design<\/p>\n<div class=\"text_exposed_show\">\n<p>Eigenschaften:<\/p>\n<p>Der K_PACT kommt in einer bew\u00e4hrten, rundum geschlossenen Konstruktion f\u00fcr optimalen Sitz in schlankem Design. Perforiertes Airprene Neopren macht den K_PACT atmungsaktiv. Asymmetrisch angeordnete Seitenpolster aus EVA sch\u00fctzen das Kniegelenk bei St\u00f6\u00dfen gegen das Oberrohr wie auch bei seitlichen Schl\u00e4gen.<\/p>\n<p>Merkmale:<\/p>\n<p>Grind Caps: Asymetrisch geformte Semi-Hard-Kappen f\u00fcr ein sicheres Rutschen auf rauen Untergrund im Falle eines Sturzes<br \/>\nIonic Fit: Anatomischer Schnitt &amp;vorgeformtes Profil f\u00fcr optimale Passform beim<br \/>\nSanitized\u00ae: IONs Anti Smell &#8211; Keine Bakterien, kein Geruch, kein Schimmel Anhaltende Frische<br \/>\nSAS-TEC: Visco-elastischer, multi-Impact-f\u00e4higer D\u00e4mpfungsschaum, der vor allem im Motorradbekleidungsbereich seit Jahren erfolgreich eingesetzt wird<br \/>\nAirprene: Perforiert, langlebig, elastisch<br \/>\nPower Aramid: widerstandsf\u00e4higes, abrieb- und rissfestes Material im Frontbereich<br \/>\nLightweight EVA: Seitenpolsterung in ihrer leichtesten Form<\/p>\n<p><a href=\"https:\/\/l.facebook.com\/l.php?u=https%3A%2F%2Fwww.wecycle.de%2FBekleidung%2FProtektoren%2FIon-K-Pact-Knieschoner-schwarz.html&amp;h=ATMLDdXrGI8aFU5hxRBADP5k771LVPkCibZRuEvv_1dzUX79CUGwCKxaom8D0gcPXkSgPHyf760fmspKfD1qr8GUj4mfE9DpLq31DbwQq8OeFkRcGHgaeohJZDkFv9SSk9i3mgJ5Tgd67xHkYesnoY8bZFKr8eOmeFu2831BgpI9AIX0FbEoAGzeWYTo42bqODsAo2WoNseohXFWiLc1kDGF3kvQJD0PPpQU03en9M-1wTuKAdkhw1NsFNev8QMktdfvqtmW2kaN2R-bBf5vclitY0ZYLcnERo1pjuxdoUk\" target=\"_blank\" rel=\"noopener noreferrer\">https:\/\/www.wecycle.de\/\u2026\/Ion-K-Pact-Knieschoner-schwarz.html<\/a><\/p>\n<p><img loading=\"lazy\" decoding=\"async\" class=\"alignnone size-medium wp-image-1355\" src=\"https:\/\/www.wecycle.de\/ladenlokal\/wp-content\/uploads\/2017\/08\/qwrybwror_p1-320x320.jpg\" alt=\"\" width=\"320\" height=\"320\" srcset=\"https:\/\/www.wecycle.de\/ladenlokal\/wp-content\/uploads\/2017\/08\/qwrybwror_p1-320x320.jpg 320w, https:\/\/www.wecycle.de\/ladenlokal\/wp-content\/uploads\/2017\/08\/qwrybwror_p1-150x150.jpg 150w, https:\/\/www.wecycle.de\/ladenlokal\/wp-content\/uploads\/2017\/08\/qwrybwror_p1-100x100.jpg 100w, https:\/\/www.wecycle.de\/ladenlokal\/wp-content\/uploads\/2017\/08\/qwrybwror_p1-200x200.jpg 200w, https:\/\/www.wecycle.de\/ladenlokal\/wp-content\/uploads\/2017\/08\/qwrybwror_p1-300x300.jpg 300w, https:\/\/www.wecycle.de\/ladenlokal\/wp-content\/uploads\/2017\/08\/qwrybwror_p1-450x450.jpg 450w, https:\/\/www.wecycle.de\/ladenlokal\/wp-content\/uploads\/2017\/08\/qwrybwror_p1-600x600.jpg 600w, https:\/\/www.wecycle.de\/ladenlokal\/wp-content\/uploads\/2017\/08\/qwrybwror_p1-900x900.jpg 900w, https:\/\/www.wecycle.de\/ladenlokal\/wp-content\/uploads\/2017\/08\/qwrybwror_p1.jpg 1000w\" sizes=\"(max-width: 320px) 100vw, 320px\" \/><\/p>\n<\/div>\n","protected":false},"excerpt":{"rendered":"<p>ION ist daf\u00fcr gemacht um, sich selbst herauszufordern und die Natur mit all Ihrer Pracht und Macht zu sp\u00fcren&#8230; Daher entwickelt ION Ausr\u00fcstung, die nicht nur clever und innovativ ist, sondern packt die ganze Leidenschaft zudem in ein einzigartiges Design<span class=\"ellipsis\">&hellip;<\/span><\/p>\n<div class=\"read-more\"><a href=\"https:\/\/www.wecycle.de\/ladenlokal\/allgemein\/produkt-der-woche-im-sale-ion-k-pact-knieschoner-schwarz-22\">Weiterlesen \u203a<\/a><\/div>\n<p><!-- end of .read-more --><\/p>\n","protected":false},"author":1,"featured_media":0,"comment_status":"closed","ping_status":"closed","sticky":false,"template":"","format":"standard","meta":{"_acf_changed":false,"footnotes":""},"categories":[1,7],"tags":[],"acf":[],"_links":{"self":[{"href":"https:\/\/www.wecycle.de\/ladenlokal\/wp-json\/wp\/v2\/posts\/1354"}],"collection":[{"href":"https:\/\/www.wecycle.de\/ladenlokal\/wp-json\/wp\/v2\/posts"}],"about":[{"href":"https:\/\/www.wecycle.de\/ladenlokal\/wp-json\/wp\/v2\/types\/post"}],"author":[{"embeddable":true,"href":"https:\/\/www.wecycle.de\/ladenlokal\/wp-json\/wp\/v2\/users\/1"}],"replies":[{"embeddable":true,"href":"https:\/\/www.wecycle.de\/ladenlokal\/wp-json\/wp\/v2\/comments?post=1354"}],"version-history":[{"count":0,"href":"https:\/\/www.wecycle.de\/ladenlokal\/wp-json\/wp\/v2\/posts\/1354\/revisions"}],"wp:attachment":[{"href":"https:\/\/www.wecycle.de\/ladenlokal\/wp-json\/wp\/v2\/media?parent=1354"}],"wp:term":[{"taxonomy":"category","embeddable":true,"href":"https:\/\/www.wecycle.de\/ladenlokal\/wp-json\/wp\/v2\/categories?post=1354"},{"taxonomy":"post_tag","embeddable":true,"href":"https:\/\/www.wecycle.de\/ladenlokal\/wp-json\/wp\/v2\/tags?post=1354"}],"curies":[{"name":"wp","href":"https:\/\/api.w.org\/{rel}","templated":true}]}}