

{"id":1349,"date":"2017-07-31T11:21:05","date_gmt":"2017-07-31T09:21:05","guid":{"rendered":"https:\/\/www.wecycle.de\/ladenlokal\/?p=1349"},"modified":"2017-09-29T17:46:44","modified_gmt":"2017-09-29T15:46:44","slug":"neuer-standort-in-st-wendel","status":"publish","type":"post","link":"https:\/\/www.wecycle.de\/ladenlokal\/allgemein\/neuer-standort-in-st-wendel","title":{"rendered":"Neuer Standort in St. Wendel"},"content":{"rendered":"<p>Voller Stolz m\u00f6chten wir Euch mitteilen, dass der Spatenstich zum Bau unserer neuen we cycle Filiale in St. Wendel (Saarland), Linxweiler Stra\u00dfe 27a erfolgt ist.<\/p>\n<p>Im Zuge der Neuer\u00f6ffnung Anfang 2018 wird das ans\u00e4ssige Radstudio Kunibert Bock \u00fcbernommen.<\/p>\n<p>Auf \u00fcber 400 Quadratmeter pr\u00e4sentieren wir euch Top Marken im Bereich Fahrr\u00e4der, E-Bikes, Bekleidung und Zubeh\u00f6r sowie den kompletten Service rund ums Fahrrad.<\/p>\n<div class=\"text_exposed_show\">\n<p>Das bestehende Team Kunibert Bock wird durch weitere kompetente Mitarbeiter verst\u00e4rkt um Ihnen einen noch besseren Service zu bieten.<\/p>\n<p>Wir halten Euch mit den Bauarbeiten auf dem Laufenden, und freuen uns Euch Anfang 2018 bei we cycle St. Wendel begr\u00fcssen zu k\u00f6nnen.<\/p>\n<p>Euer we cycle Team<\/p>\n<\/div>\n<p><img loading=\"lazy\" decoding=\"async\" class=\"alignnone size-medium wp-image-1350\" src=\"https:\/\/www.wecycle.de\/ladenlokal\/wp-content\/uploads\/2017\/07\/19942873_1446012808789489_8193283084694045680_o-320x190.jpg\" alt=\"\" width=\"320\" height=\"190\" srcset=\"https:\/\/www.wecycle.de\/ladenlokal\/wp-content\/uploads\/2017\/07\/19942873_1446012808789489_8193283084694045680_o-320x190.jpg 320w, https:\/\/www.wecycle.de\/ladenlokal\/wp-content\/uploads\/2017\/07\/19942873_1446012808789489_8193283084694045680_o-1024x609.jpg 1024w, https:\/\/www.wecycle.de\/ladenlokal\/wp-content\/uploads\/2017\/07\/19942873_1446012808789489_8193283084694045680_o-100x60.jpg 100w, https:\/\/www.wecycle.de\/ladenlokal\/wp-content\/uploads\/2017\/07\/19942873_1446012808789489_8193283084694045680_o-150x89.jpg 150w, https:\/\/www.wecycle.de\/ladenlokal\/wp-content\/uploads\/2017\/07\/19942873_1446012808789489_8193283084694045680_o-200x119.jpg 200w, https:\/\/www.wecycle.de\/ladenlokal\/wp-content\/uploads\/2017\/07\/19942873_1446012808789489_8193283084694045680_o-300x179.jpg 300w, https:\/\/www.wecycle.de\/ladenlokal\/wp-content\/uploads\/2017\/07\/19942873_1446012808789489_8193283084694045680_o-450x268.jpg 450w, https:\/\/www.wecycle.de\/ladenlokal\/wp-content\/uploads\/2017\/07\/19942873_1446012808789489_8193283084694045680_o-600x357.jpg 600w, https:\/\/www.wecycle.de\/ladenlokal\/wp-content\/uploads\/2017\/07\/19942873_1446012808789489_8193283084694045680_o-900x536.jpg 900w, https:\/\/www.wecycle.de\/ladenlokal\/wp-content\/uploads\/2017\/07\/19942873_1446012808789489_8193283084694045680_o.jpg 2000w\" sizes=\"(max-width: 320px) 100vw, 320px\" \/> <img loading=\"lazy\" decoding=\"async\" class=\"alignnone size-medium wp-image-1351\" src=\"https:\/\/www.wecycle.de\/ladenlokal\/wp-content\/uploads\/2017\/07\/20017589_1446012638789506_171433535893941103_o-320x160.jpg\" alt=\"\" width=\"320\" height=\"160\" srcset=\"https:\/\/www.wecycle.de\/ladenlokal\/wp-content\/uploads\/2017\/07\/20017589_1446012638789506_171433535893941103_o-320x160.jpg 320w, https:\/\/www.wecycle.de\/ladenlokal\/wp-content\/uploads\/2017\/07\/20017589_1446012638789506_171433535893941103_o-100x50.jpg 100w, https:\/\/www.wecycle.de\/ladenlokal\/wp-content\/uploads\/2017\/07\/20017589_1446012638789506_171433535893941103_o-150x75.jpg 150w, https:\/\/www.wecycle.de\/ladenlokal\/wp-content\/uploads\/2017\/07\/20017589_1446012638789506_171433535893941103_o-200x100.jpg 200w, https:\/\/www.wecycle.de\/ladenlokal\/wp-content\/uploads\/2017\/07\/20017589_1446012638789506_171433535893941103_o-300x150.jpg 300w, https:\/\/www.wecycle.de\/ladenlokal\/wp-content\/uploads\/2017\/07\/20017589_1446012638789506_171433535893941103_o-450x225.jpg 450w, https:\/\/www.wecycle.de\/ladenlokal\/wp-content\/uploads\/2017\/07\/20017589_1446012638789506_171433535893941103_o-600x300.jpg 600w, https:\/\/www.wecycle.de\/ladenlokal\/wp-content\/uploads\/2017\/07\/20017589_1446012638789506_171433535893941103_o.jpg 720w\" sizes=\"(max-width: 320px) 100vw, 320px\" \/><\/p>\n<p>&nbsp;<\/p>\n","protected":false},"excerpt":{"rendered":"<p>Voller Stolz m\u00f6chten wir Euch mitteilen, dass der Spatenstich zum Bau unserer neuen we cycle Filiale in St. Wendel (Saarland), Linxweiler Stra\u00dfe 27a erfolgt ist. Im Zuge der Neuer\u00f6ffnung Anfang 2018 wird das ans\u00e4ssige Radstudio Kunibert Bock \u00fcbernommen. Auf \u00fcber<span class=\"ellipsis\">&hellip;<\/span><\/p>\n<div class=\"read-more\"><a href=\"https:\/\/www.wecycle.de\/ladenlokal\/allgemein\/neuer-standort-in-st-wendel\">Weiterlesen \u203a<\/a><\/div>\n<p><!-- end of .read-more --><\/p>\n","protected":false},"author":1,"featured_media":0,"comment_status":"closed","ping_status":"closed","sticky":false,"template":"","format":"standard","meta":{"_acf_changed":false,"footnotes":""},"categories":[1],"tags":[],"acf":[],"_links":{"self":[{"href":"https:\/\/www.wecycle.de\/ladenlokal\/wp-json\/wp\/v2\/posts\/1349"}],"collection":[{"href":"https:\/\/www.wecycle.de\/ladenlokal\/wp-json\/wp\/v2\/posts"}],"about":[{"href":"https:\/\/www.wecycle.de\/ladenlokal\/wp-json\/wp\/v2\/types\/post"}],"author":[{"embeddable":true,"href":"https:\/\/www.wecycle.de\/ladenlokal\/wp-json\/wp\/v2\/users\/1"}],"replies":[{"embeddable":true,"href":"https:\/\/www.wecycle.de\/ladenlokal\/wp-json\/wp\/v2\/comments?post=1349"}],"version-history":[{"count":0,"href":"https:\/\/www.wecycle.de\/ladenlokal\/wp-json\/wp\/v2\/posts\/1349\/revisions"}],"wp:attachment":[{"href":"https:\/\/www.wecycle.de\/ladenlokal\/wp-json\/wp\/v2\/media?parent=1349"}],"wp:term":[{"taxonomy":"category","embeddable":true,"href":"https:\/\/www.wecycle.de\/ladenlokal\/wp-json\/wp\/v2\/categories?post=1349"},{"taxonomy":"post_tag","embeddable":true,"href":"https:\/\/www.wecycle.de\/ladenlokal\/wp-json\/wp\/v2\/tags?post=1349"}],"curies":[{"name":"wp","href":"https:\/\/api.w.org\/{rel}","templated":true}]}}