

{"id":1346,"date":"2017-07-31T11:14:36","date_gmt":"2017-07-31T09:14:36","guid":{"rendered":"https:\/\/www.wecycle.de\/ladenlokal\/?p=1346"},"modified":"2017-07-31T11:21:16","modified_gmt":"2017-07-31T09:21:16","slug":"produkt-der-woche-cube-race-flex-hv-fahrrad-pumpe","status":"publish","type":"post","link":"https:\/\/www.wecycle.de\/ladenlokal\/allgemein\/produkt-der-woche-cube-race-flex-hv-fahrrad-pumpe","title":{"rendered":"Produkt der Woche Cube Race Flex HV Fahrrad Pumpe"},"content":{"rendered":"<p>MEHR ALS NUR BEKLEIDUNG UND AUSSTATTUNGSTEILE!<\/p>\n<p>Cube-Accessoires sind mehr als einzelne Bekleidungs- und Ausstattungsteile. Es wurde ein Gesamtkonzept entwickelt! F\u00fcr maximale Flexibilit\u00e4t ohne Kompromisse wird ein l\u00fcckenloses und stylisches Cube-Portfolio geboten, das sich untereinander ideal kombinieren l\u00e4sst.<\/p>\n<div class=\"text_exposed_show\">\n<p>Merkmale:<\/p>\n<p>120 psi max<br \/>\nGriffverriegelung<br \/>\nInklusive Halterung<br \/>\nHerausziehbarer Schlauch<br \/>\nEZHead f\u00fcr Presta- und Schrader-Ventile<br \/>\nCNC-gedrehte Aluminium-Pumpe mit viel Volumen<br \/>\nGr\u00f6\u00dfe: (L) 21 cm<\/p>\n<\/div>\n<p>https:\/\/www.wecycle.de\/Zubehoer\/Pumpen\/Cube-Race-Flex-HV-Fahrrad-Pumpe-schwarz.html<\/p>\n<p>&nbsp;<\/p>\n<p><img loading=\"lazy\" decoding=\"async\" class=\"alignnone size-medium wp-image-1347\" src=\"https:\/\/www.wecycle.de\/ladenlokal\/wp-content\/uploads\/2017\/07\/thkxcwsxb_p1-320x195.jpg\" alt=\"\" width=\"320\" height=\"195\" srcset=\"https:\/\/www.wecycle.de\/ladenlokal\/wp-content\/uploads\/2017\/07\/thkxcwsxb_p1-320x195.jpg 320w, https:\/\/www.wecycle.de\/ladenlokal\/wp-content\/uploads\/2017\/07\/thkxcwsxb_p1-100x61.jpg 100w, https:\/\/www.wecycle.de\/ladenlokal\/wp-content\/uploads\/2017\/07\/thkxcwsxb_p1-150x92.jpg 150w, https:\/\/www.wecycle.de\/ladenlokal\/wp-content\/uploads\/2017\/07\/thkxcwsxb_p1-200x122.jpg 200w, https:\/\/www.wecycle.de\/ladenlokal\/wp-content\/uploads\/2017\/07\/thkxcwsxb_p1-300x183.jpg 300w, https:\/\/www.wecycle.de\/ladenlokal\/wp-content\/uploads\/2017\/07\/thkxcwsxb_p1-450x275.jpg 450w, https:\/\/www.wecycle.de\/ladenlokal\/wp-content\/uploads\/2017\/07\/thkxcwsxb_p1-600x366.jpg 600w, https:\/\/www.wecycle.de\/ladenlokal\/wp-content\/uploads\/2017\/07\/thkxcwsxb_p1-900x549.jpg 900w, https:\/\/www.wecycle.de\/ladenlokal\/wp-content\/uploads\/2017\/07\/thkxcwsxb_p1.jpg 1000w\" sizes=\"(max-width: 320px) 100vw, 320px\" \/><\/p>\n","protected":false},"excerpt":{"rendered":"<p>MEHR ALS NUR BEKLEIDUNG UND AUSSTATTUNGSTEILE! Cube-Accessoires sind mehr als einzelne Bekleidungs- und Ausstattungsteile. Es wurde ein Gesamtkonzept entwickelt! F\u00fcr maximale Flexibilit\u00e4t ohne Kompromisse wird ein l\u00fcckenloses und stylisches Cube-Portfolio geboten, das sich untereinander ideal kombinieren l\u00e4sst. Merkmale: 120 psi<span class=\"ellipsis\">&hellip;<\/span><\/p>\n<div class=\"read-more\"><a href=\"https:\/\/www.wecycle.de\/ladenlokal\/allgemein\/produkt-der-woche-cube-race-flex-hv-fahrrad-pumpe\">Weiterlesen \u203a<\/a><\/div>\n<p><!-- end of .read-more --><\/p>\n","protected":false},"author":1,"featured_media":0,"comment_status":"closed","ping_status":"closed","sticky":false,"template":"","format":"standard","meta":{"_acf_changed":false,"footnotes":""},"categories":[1,7],"tags":[],"acf":[],"_links":{"self":[{"href":"https:\/\/www.wecycle.de\/ladenlokal\/wp-json\/wp\/v2\/posts\/1346"}],"collection":[{"href":"https:\/\/www.wecycle.de\/ladenlokal\/wp-json\/wp\/v2\/posts"}],"about":[{"href":"https:\/\/www.wecycle.de\/ladenlokal\/wp-json\/wp\/v2\/types\/post"}],"author":[{"embeddable":true,"href":"https:\/\/www.wecycle.de\/ladenlokal\/wp-json\/wp\/v2\/users\/1"}],"replies":[{"embeddable":true,"href":"https:\/\/www.wecycle.de\/ladenlokal\/wp-json\/wp\/v2\/comments?post=1346"}],"version-history":[{"count":0,"href":"https:\/\/www.wecycle.de\/ladenlokal\/wp-json\/wp\/v2\/posts\/1346\/revisions"}],"wp:attachment":[{"href":"https:\/\/www.wecycle.de\/ladenlokal\/wp-json\/wp\/v2\/media?parent=1346"}],"wp:term":[{"taxonomy":"category","embeddable":true,"href":"https:\/\/www.wecycle.de\/ladenlokal\/wp-json\/wp\/v2\/categories?post=1346"},{"taxonomy":"post_tag","embeddable":true,"href":"https:\/\/www.wecycle.de\/ladenlokal\/wp-json\/wp\/v2\/tags?post=1346"}],"curies":[{"name":"wp","href":"https:\/\/api.w.org\/{rel}","templated":true}]}}