

{"id":1342,"date":"2017-07-17T10:11:36","date_gmt":"2017-07-17T08:11:36","guid":{"rendered":"https:\/\/www.wecycle.de\/ladenlokal\/?p=1342"},"modified":"2017-07-17T10:11:36","modified_gmt":"2017-07-17T08:11:36","slug":"produkt-der-woche-ion-traze-fahrrad-short-hose-kurz-schwarz-2017","status":"publish","type":"post","link":"https:\/\/www.wecycle.de\/ladenlokal\/allgemein\/produkt-der-woche-ion-traze-fahrrad-short-hose-kurz-schwarz-2017","title":{"rendered":"Produkt der Woche Ion Traze Fahrrad Short Hose kurz schwarz 2017"},"content":{"rendered":"<p>ION ist daf\u00fcr gemacht um, sich selbst herauszufordern und die Natur mit all Ihrer Pracht und Macht zu sp\u00fcren&#8230; Daher entwickelt ION Ausr\u00fcstung, die nicht nur clever und innovativ ist, sondern packt die ganze Leidenschaft zudem in ein einzigartiges Design.<\/p>\n<p>Eigenschaften:<\/p>\n<div class=\"text_exposed_show\">\n<p>Leichtgewichtige Bikeshort. Atmungsaktiv und sehr gut bel\u00fcftet, durch zus\u00e4tzliche Laser Vents \u00d6ffnungen<\/p>\n<p>Merkmale:<\/p>\n<p>2 RV-Taschen<br \/>\nWiderstandsf\u00e4higes 4way Stretch Material<br \/>\nReflective Details: F\u00fcr zus\u00e4tzliche Sicherheit in der D\u00e4mmerung und Dunkelheit.<\/p>\n<\/div>\n<p>https:\/\/www.wecycle.de\/Bekleidung\/Hosen\/Ion-Traze-Fahrrad-Short-Hose-kurz-schwarz-2017.html<\/p>\n<p><img loading=\"lazy\" decoding=\"async\" class=\"alignnone size-medium wp-image-1343\" src=\"https:\/\/www.wecycle.de\/ladenlokal\/wp-content\/uploads\/2017\/07\/osxuebslf_p1-320x320.jpg\" alt=\"\" width=\"320\" height=\"320\" srcset=\"https:\/\/www.wecycle.de\/ladenlokal\/wp-content\/uploads\/2017\/07\/osxuebslf_p1-320x320.jpg 320w, https:\/\/www.wecycle.de\/ladenlokal\/wp-content\/uploads\/2017\/07\/osxuebslf_p1-150x150.jpg 150w, https:\/\/www.wecycle.de\/ladenlokal\/wp-content\/uploads\/2017\/07\/osxuebslf_p1-100x100.jpg 100w, https:\/\/www.wecycle.de\/ladenlokal\/wp-content\/uploads\/2017\/07\/osxuebslf_p1-200x200.jpg 200w, https:\/\/www.wecycle.de\/ladenlokal\/wp-content\/uploads\/2017\/07\/osxuebslf_p1-300x300.jpg 300w, https:\/\/www.wecycle.de\/ladenlokal\/wp-content\/uploads\/2017\/07\/osxuebslf_p1-450x450.jpg 450w, https:\/\/www.wecycle.de\/ladenlokal\/wp-content\/uploads\/2017\/07\/osxuebslf_p1-600x600.jpg 600w, https:\/\/www.wecycle.de\/ladenlokal\/wp-content\/uploads\/2017\/07\/osxuebslf_p1-900x900.jpg 900w, https:\/\/www.wecycle.de\/ladenlokal\/wp-content\/uploads\/2017\/07\/osxuebslf_p1.jpg 1000w\" sizes=\"(max-width: 320px) 100vw, 320px\" \/><\/p>\n","protected":false},"excerpt":{"rendered":"<p>ION ist daf\u00fcr gemacht um, sich selbst herauszufordern und die Natur mit all Ihrer Pracht und Macht zu sp\u00fcren&#8230; Daher entwickelt ION Ausr\u00fcstung, die nicht nur clever und innovativ ist, sondern packt die ganze Leidenschaft zudem in ein einzigartiges Design.<span class=\"ellipsis\">&hellip;<\/span><\/p>\n<div class=\"read-more\"><a href=\"https:\/\/www.wecycle.de\/ladenlokal\/allgemein\/produkt-der-woche-ion-traze-fahrrad-short-hose-kurz-schwarz-2017\">Weiterlesen \u203a<\/a><\/div>\n<p><!-- end of .read-more --><\/p>\n","protected":false},"author":1,"featured_media":0,"comment_status":"closed","ping_status":"closed","sticky":false,"template":"","format":"standard","meta":{"_acf_changed":false,"footnotes":""},"categories":[1,7],"tags":[],"acf":[],"_links":{"self":[{"href":"https:\/\/www.wecycle.de\/ladenlokal\/wp-json\/wp\/v2\/posts\/1342"}],"collection":[{"href":"https:\/\/www.wecycle.de\/ladenlokal\/wp-json\/wp\/v2\/posts"}],"about":[{"href":"https:\/\/www.wecycle.de\/ladenlokal\/wp-json\/wp\/v2\/types\/post"}],"author":[{"embeddable":true,"href":"https:\/\/www.wecycle.de\/ladenlokal\/wp-json\/wp\/v2\/users\/1"}],"replies":[{"embeddable":true,"href":"https:\/\/www.wecycle.de\/ladenlokal\/wp-json\/wp\/v2\/comments?post=1342"}],"version-history":[{"count":0,"href":"https:\/\/www.wecycle.de\/ladenlokal\/wp-json\/wp\/v2\/posts\/1342\/revisions"}],"wp:attachment":[{"href":"https:\/\/www.wecycle.de\/ladenlokal\/wp-json\/wp\/v2\/media?parent=1342"}],"wp:term":[{"taxonomy":"category","embeddable":true,"href":"https:\/\/www.wecycle.de\/ladenlokal\/wp-json\/wp\/v2\/categories?post=1342"},{"taxonomy":"post_tag","embeddable":true,"href":"https:\/\/www.wecycle.de\/ladenlokal\/wp-json\/wp\/v2\/tags?post=1342"}],"curies":[{"name":"wp","href":"https:\/\/api.w.org\/{rel}","templated":true}]}}