

{"id":1338,"date":"2017-07-10T09:08:16","date_gmt":"2017-07-10T07:08:16","guid":{"rendered":"https:\/\/www.wecycle.de\/ladenlokal\/?p=1338"},"modified":"2017-07-10T09:08:33","modified_gmt":"2017-07-10T07:08:33","slug":"produkt-der-woche-bontrager-charger-eu-fahrrad-standpumpe","status":"publish","type":"post","link":"https:\/\/www.wecycle.de\/ladenlokal\/allgemein\/produkt-der-woche-bontrager-charger-eu-fahrrad-standpumpe","title":{"rendered":"Produkt der Woche Bontrager Charger EU Fahrrad Standpumpe"},"content":{"rendered":"<p>Hiermit geht ihnen die Luft nicht aus! Korrekter Reifendruck ist die Voraussetzung f\u00fcr Performance und Fahrsicherheit. Und Bontrager bietet Pumpen f\u00fcr \u00fcberall in der Werkstatt, auf Stra\u00dfe und Trail &#8230; bis hin zum tragbaren Elektro-Kompressor, der dir auch auf Reisen den Komfort einer Bike-Shop-Ausstattung gew\u00e4hrt.<\/p>\n<p>Merkmale:<\/p>\n<div class=\"text_exposed_show\">\n<p>Stahlzylinder und austauschbare Innenteile sorgen f\u00fcr eine lange Lebensdauer<br \/>\n2-Loch-Kopf passt auf Presta-\/Sclaverand-, Schrader- und Dunlop-Ventile<br \/>\nDie breite, stabile Auflage erh\u00f6ht die Kippsicherheit<br \/>\nLeicht abzulesende, 5cm gro\u00dfe Anzeige<br \/>\nExtralanger 120cm-Schlauch, Maximaldruck 160psi (11bar)<br \/>\nEinschlie\u00dflich Ball- und Zubeh\u00f6raufs\u00e4tzen<\/p>\n<\/div>\n<p>https:\/\/www.wecycle.de\/Zubehoer\/Pumpen\/Bontrager-Charger-EU-Fahrrad-Standpumpe-weiss.html<\/p>\n<p><img loading=\"lazy\" decoding=\"async\" class=\"alignnone size-medium wp-image-1339\" src=\"https:\/\/www.wecycle.de\/ladenlokal\/wp-content\/uploads\/2017\/07\/lwpnxvwfm_p1-320x320.jpg\" alt=\"\" width=\"320\" height=\"320\" srcset=\"https:\/\/www.wecycle.de\/ladenlokal\/wp-content\/uploads\/2017\/07\/lwpnxvwfm_p1-320x320.jpg 320w, https:\/\/www.wecycle.de\/ladenlokal\/wp-content\/uploads\/2017\/07\/lwpnxvwfm_p1-150x150.jpg 150w, https:\/\/www.wecycle.de\/ladenlokal\/wp-content\/uploads\/2017\/07\/lwpnxvwfm_p1-100x100.jpg 100w, https:\/\/www.wecycle.de\/ladenlokal\/wp-content\/uploads\/2017\/07\/lwpnxvwfm_p1-200x200.jpg 200w, https:\/\/www.wecycle.de\/ladenlokal\/wp-content\/uploads\/2017\/07\/lwpnxvwfm_p1-300x300.jpg 300w, https:\/\/www.wecycle.de\/ladenlokal\/wp-content\/uploads\/2017\/07\/lwpnxvwfm_p1-450x450.jpg 450w, https:\/\/www.wecycle.de\/ladenlokal\/wp-content\/uploads\/2017\/07\/lwpnxvwfm_p1-600x600.jpg 600w, https:\/\/www.wecycle.de\/ladenlokal\/wp-content\/uploads\/2017\/07\/lwpnxvwfm_p1-900x900.jpg 900w, https:\/\/www.wecycle.de\/ladenlokal\/wp-content\/uploads\/2017\/07\/lwpnxvwfm_p1.jpg 1000w\" sizes=\"(max-width: 320px) 100vw, 320px\" \/><\/p>\n","protected":false},"excerpt":{"rendered":"<p>Hiermit geht ihnen die Luft nicht aus! Korrekter Reifendruck ist die Voraussetzung f\u00fcr Performance und Fahrsicherheit. Und Bontrager bietet Pumpen f\u00fcr \u00fcberall in der Werkstatt, auf Stra\u00dfe und Trail &#8230; bis hin zum tragbaren Elektro-Kompressor, der dir auch auf Reisen<span class=\"ellipsis\">&hellip;<\/span><\/p>\n<div class=\"read-more\"><a href=\"https:\/\/www.wecycle.de\/ladenlokal\/allgemein\/produkt-der-woche-bontrager-charger-eu-fahrrad-standpumpe\">Weiterlesen \u203a<\/a><\/div>\n<p><!-- end of .read-more --><\/p>\n","protected":false},"author":1,"featured_media":0,"comment_status":"closed","ping_status":"closed","sticky":false,"template":"","format":"standard","meta":{"_acf_changed":false,"footnotes":""},"categories":[1,7],"tags":[],"acf":[],"_links":{"self":[{"href":"https:\/\/www.wecycle.de\/ladenlokal\/wp-json\/wp\/v2\/posts\/1338"}],"collection":[{"href":"https:\/\/www.wecycle.de\/ladenlokal\/wp-json\/wp\/v2\/posts"}],"about":[{"href":"https:\/\/www.wecycle.de\/ladenlokal\/wp-json\/wp\/v2\/types\/post"}],"author":[{"embeddable":true,"href":"https:\/\/www.wecycle.de\/ladenlokal\/wp-json\/wp\/v2\/users\/1"}],"replies":[{"embeddable":true,"href":"https:\/\/www.wecycle.de\/ladenlokal\/wp-json\/wp\/v2\/comments?post=1338"}],"version-history":[{"count":0,"href":"https:\/\/www.wecycle.de\/ladenlokal\/wp-json\/wp\/v2\/posts\/1338\/revisions"}],"wp:attachment":[{"href":"https:\/\/www.wecycle.de\/ladenlokal\/wp-json\/wp\/v2\/media?parent=1338"}],"wp:term":[{"taxonomy":"category","embeddable":true,"href":"https:\/\/www.wecycle.de\/ladenlokal\/wp-json\/wp\/v2\/categories?post=1338"},{"taxonomy":"post_tag","embeddable":true,"href":"https:\/\/www.wecycle.de\/ladenlokal\/wp-json\/wp\/v2\/tags?post=1338"}],"curies":[{"name":"wp","href":"https:\/\/api.w.org\/{rel}","templated":true}]}}