

{"id":1330,"date":"2017-06-19T09:57:04","date_gmt":"2017-06-19T07:57:04","guid":{"rendered":"https:\/\/www.wecycle.de\/ladenlokal\/?p=1330"},"modified":"2017-06-19T09:57:04","modified_gmt":"2017-06-19T07:57:04","slug":"produkt-der-woche-topeak-alien-2-fahrrad-mini-werkzeug","status":"publish","type":"post","link":"https:\/\/www.wecycle.de\/ladenlokal\/allgemein\/produkt-der-woche-topeak-alien-2-fahrrad-mini-werkzeug","title":{"rendered":"Produkt der Woche Topeak Alien 2 Fahrrad Mini Werkzeug"},"content":{"rendered":"<p>Mc Gyver Tool eines jeden Radfahrers. Die Mutter aller Minitools. 26 Funktionen. Jetzt noch leichter, 2teiliger K\u00f6rper. Genialer gehts nicht.<\/p>\n<p>Topeak Ingenieure haben nur eins im Kopf: Rad fahren. Sie biken aus Passion. Und deshalb wissen sie genau, was l\u00e4uft. Ihre Produktideen entstehen weder am Computer noch in der Marketingabteilung, sondern auf der Stra\u00dfe oder dem Single Trail. Immer mit dem Motto im Hinterkopf: Mehr F<span class=\"text_exposed_show\">ahrradspa\u00df durch intelligente Innovationen. Funktion und Qualit\u00e4t sind das, was z\u00e4hlt.<\/span><\/p>\n<div class=\"text_exposed_show\">\n<p>Merkmale:<\/p>\n<p>26 Werkzeuge<br \/>\nInnensechskant: 2\/2.5\/3\/4\/5\/6\/8\/10mm<br \/>\nVielzahnschl\u00fcssel: T25<br \/>\nRingschl\u00fcssel: 8\/9\/10mm (je 2)<br \/>\nSpeichenschl\u00fcssel: 15g\/14g<br \/>\nKettennieter<br \/>\nKettenhaken<br \/>\nReifenheber: 2 Stk. integriert im K\u00f6rper<br \/>\nPedalschl\u00fcssel: Miniausf\u00fchrung<br \/>\nSchraubendreher: Kreuzschlitz + Flachkopf<br \/>\nMesser<br \/>\nFlaschen\u00f6ffner<br \/>\nStaufach: f\u00fcr 2 Nietstifte<br \/>\nGr\u00f6\u00dfe (LxBxH): 8,6 x 4,3 x 4,1 cm<br \/>\nGewicht: 270 g<\/p>\n<p><img loading=\"lazy\" decoding=\"async\" class=\"alignnone size-medium wp-image-1331\" src=\"https:\/\/www.wecycle.de\/ladenlokal\/wp-content\/uploads\/2017\/06\/tbtjilnvf_p1-256x320.jpg\" alt=\"\" width=\"256\" height=\"320\" srcset=\"https:\/\/www.wecycle.de\/ladenlokal\/wp-content\/uploads\/2017\/06\/tbtjilnvf_p1-256x320.jpg 256w, https:\/\/www.wecycle.de\/ladenlokal\/wp-content\/uploads\/2017\/06\/tbtjilnvf_p1-100x125.jpg 100w, https:\/\/www.wecycle.de\/ladenlokal\/wp-content\/uploads\/2017\/06\/tbtjilnvf_p1-150x188.jpg 150w, https:\/\/www.wecycle.de\/ladenlokal\/wp-content\/uploads\/2017\/06\/tbtjilnvf_p1-200x250.jpg 200w, https:\/\/www.wecycle.de\/ladenlokal\/wp-content\/uploads\/2017\/06\/tbtjilnvf_p1-300x375.jpg 300w, https:\/\/www.wecycle.de\/ladenlokal\/wp-content\/uploads\/2017\/06\/tbtjilnvf_p1-450x563.jpg 450w, https:\/\/www.wecycle.de\/ladenlokal\/wp-content\/uploads\/2017\/06\/tbtjilnvf_p1-600x750.jpg 600w, https:\/\/www.wecycle.de\/ladenlokal\/wp-content\/uploads\/2017\/06\/tbtjilnvf_p1.jpg 800w\" sizes=\"(max-width: 256px) 100vw, 256px\" \/><\/p>\n<p>&nbsp;<\/p>\n<p><a href=\"https:\/\/www.wecycle.de\/Zubehoer\/Werkzeug-Montage\/Topeak-Alien-2-Fahrrad-Mini-Werkzeug.html\" target=\"_blank\" rel=\"nofollow noopener noreferrer\">https:\/\/www.wecycle.de\/\u2026\/Topeak-Alien-2-Fahrrad-Mini-Werkze\u2026<\/a><\/p>\n<\/div>\n","protected":false},"excerpt":{"rendered":"<p>Mc Gyver Tool eines jeden Radfahrers. Die Mutter aller Minitools. 26 Funktionen. Jetzt noch leichter, 2teiliger K\u00f6rper. Genialer gehts nicht. Topeak Ingenieure haben nur eins im Kopf: Rad fahren. Sie biken aus Passion. Und deshalb wissen sie genau, was l\u00e4uft.<span class=\"ellipsis\">&hellip;<\/span><\/p>\n<div class=\"read-more\"><a href=\"https:\/\/www.wecycle.de\/ladenlokal\/allgemein\/produkt-der-woche-topeak-alien-2-fahrrad-mini-werkzeug\">Weiterlesen \u203a<\/a><\/div>\n<p><!-- end of .read-more --><\/p>\n","protected":false},"author":1,"featured_media":0,"comment_status":"closed","ping_status":"closed","sticky":false,"template":"","format":"standard","meta":{"_acf_changed":false,"footnotes":""},"categories":[1],"tags":[],"acf":[],"_links":{"self":[{"href":"https:\/\/www.wecycle.de\/ladenlokal\/wp-json\/wp\/v2\/posts\/1330"}],"collection":[{"href":"https:\/\/www.wecycle.de\/ladenlokal\/wp-json\/wp\/v2\/posts"}],"about":[{"href":"https:\/\/www.wecycle.de\/ladenlokal\/wp-json\/wp\/v2\/types\/post"}],"author":[{"embeddable":true,"href":"https:\/\/www.wecycle.de\/ladenlokal\/wp-json\/wp\/v2\/users\/1"}],"replies":[{"embeddable":true,"href":"https:\/\/www.wecycle.de\/ladenlokal\/wp-json\/wp\/v2\/comments?post=1330"}],"version-history":[{"count":0,"href":"https:\/\/www.wecycle.de\/ladenlokal\/wp-json\/wp\/v2\/posts\/1330\/revisions"}],"wp:attachment":[{"href":"https:\/\/www.wecycle.de\/ladenlokal\/wp-json\/wp\/v2\/media?parent=1330"}],"wp:term":[{"taxonomy":"category","embeddable":true,"href":"https:\/\/www.wecycle.de\/ladenlokal\/wp-json\/wp\/v2\/categories?post=1330"},{"taxonomy":"post_tag","embeddable":true,"href":"https:\/\/www.wecycle.de\/ladenlokal\/wp-json\/wp\/v2\/tags?post=1330"}],"curies":[{"name":"wp","href":"https:\/\/api.w.org\/{rel}","templated":true}]}}