

{"id":1324,"date":"2017-06-13T10:13:11","date_gmt":"2017-06-13T08:13:11","guid":{"rendered":"https:\/\/www.wecycle.de\/ladenlokal\/?p=1324"},"modified":"2017-06-13T10:13:11","modified_gmt":"2017-06-13T08:13:11","slug":"produkt-der-woche-mavic-wind-ride-unterhemd-fuer-damen-oder-herren","status":"publish","type":"post","link":"https:\/\/www.wecycle.de\/ladenlokal\/allgemein\/produkt-der-woche-mavic-wind-ride-unterhemd-fuer-damen-oder-herren","title":{"rendered":"Produkt der Woche Mavic Wind Ride Unterhemd f\u00fcr Damen oder Herren"},"content":{"rendered":"<p>Gerade bei sommerlichen Temperaturen ist die Gefahr bei einer Rast oder Pause sich zu verk\u00fchlen oder sich einen &#8222;Zug&#8220; zu holen sehr hoch. Mit einem Unterhemd\/ Windschutz k\u00f6nnen Sie sich hier sch\u00fctzen.<\/p>\n<p>Mavic ist ein franz\u00f6sischer Hersteller von Komponenten. Bekleidung und Zubeh\u00f6r f\u00fcr Radfahrer. gegr\u00fcndet 1889. Mit \u00fcber 100 Jahren Erfahrung im Hintergrund arbeitet Mavic st\u00e4ndig am Fortschritt. Mehr als 300 Mitarb<span class=\"text_exposed_show\">eiter treiben die legend\u00e4re Marke in Gelb immer weiter voran mit ihrer echten Leidenschaft f\u00fcr den Radsport.<\/span><\/p>\n<div class=\"text_exposed_show\">\n<p>Material:<\/p>\n<p>50% Polyester, 45% Polyamid, 5% Elastan<br \/>\nVorderteil: 100% Polyester<\/p>\n<p>Eigenschaften:<\/p>\n<p>Die neue, fortschrittliche Base Layer-Kollektion von Mavic ist auf optimale Funktion im Zusammenspiel mit unserer Bekleidung ausgelegt. Dank des 37.5\u2122-Materials bietet sie den besten Feuchtigkeitstransfer am Markt. S\u00e4mtliche Modelle bestechen durch perfekte Passform auf dem Bike \u2013 und darum durch maximale System-Funktion in jeder Jahreszeit.<\/p>\n<p>Merkmale:<br \/>\nMittelschweres, winddichtes Base Layer \u2013 ideal f\u00fcr die ersten Wintertage<br \/>\nElastischer Silikon-H\u00fcftgripper<br \/>\nEingesetzte \u00c4rmel<br \/>\nKonturierter Kragen<br \/>\nNahtlos<br \/>\nThermo-regulierende Bel\u00fcftungs-Panels<br \/>\nVerl\u00e4ngertes R\u00fcckenteil<\/p>\n<\/div>\n<p>&nbsp;<\/p>\n<p><a href=\"https:\/\/www.wecycle.de\/Bekleidung\/Unterwaesche\/Mavic-Wind-Ride-Damen-Fahrrad-Unterhemd-kurz-weiss-2016.html\" target=\"_blank\" rel=\"nofollow noopener noreferrer\">https:\/\/www.wecycle.de\/\u2026\/Mavic-Wind-Ride-Damen-Fahrrad-Unte\u2026<\/a><\/p>\n<p><a href=\"https:\/\/www.wecycle.de\/Bekleidung\/Unterwaesche\/Mavic-Wind-Ride-Fahrrad-Unterhemd-kurz-weiss-2016.html\" target=\"_blank\" rel=\"nofollow noopener noreferrer\">https:\/\/www.wecycle.de\/\u2026\/Mavic-Wind-Ride-Fahrrad-Unterhemd-\u2026<\/a><\/p>\n<p>&nbsp;<\/p>\n<p><img loading=\"lazy\" decoding=\"async\" class=\"alignnone size-medium wp-image-1325\" src=\"https:\/\/www.wecycle.de\/ladenlokal\/wp-content\/uploads\/2017\/06\/allpepojm_p1-236x320.jpg\" alt=\"\" width=\"236\" height=\"320\" srcset=\"https:\/\/www.wecycle.de\/ladenlokal\/wp-content\/uploads\/2017\/06\/allpepojm_p1-236x320.jpg 236w, https:\/\/www.wecycle.de\/ladenlokal\/wp-content\/uploads\/2017\/06\/allpepojm_p1-100x136.jpg 100w, https:\/\/www.wecycle.de\/ladenlokal\/wp-content\/uploads\/2017\/06\/allpepojm_p1-150x204.jpg 150w, https:\/\/www.wecycle.de\/ladenlokal\/wp-content\/uploads\/2017\/06\/allpepojm_p1-200x272.jpg 200w, https:\/\/www.wecycle.de\/ladenlokal\/wp-content\/uploads\/2017\/06\/allpepojm_p1-300x408.jpg 300w, https:\/\/www.wecycle.de\/ladenlokal\/wp-content\/uploads\/2017\/06\/allpepojm_p1-450x611.jpg 450w, https:\/\/www.wecycle.de\/ladenlokal\/wp-content\/uploads\/2017\/06\/allpepojm_p1-600x815.jpg 600w, https:\/\/www.wecycle.de\/ladenlokal\/wp-content\/uploads\/2017\/06\/allpepojm_p1.jpg 736w\" sizes=\"(max-width: 236px) 100vw, 236px\" \/> <img loading=\"lazy\" decoding=\"async\" class=\"alignnone size-medium wp-image-1326\" src=\"https:\/\/www.wecycle.de\/ladenlokal\/wp-content\/uploads\/2017\/06\/ftrxkmlaj_p1-236x320.jpg\" alt=\"\" width=\"236\" height=\"320\" srcset=\"https:\/\/www.wecycle.de\/ladenlokal\/wp-content\/uploads\/2017\/06\/ftrxkmlaj_p1-236x320.jpg 236w, https:\/\/www.wecycle.de\/ladenlokal\/wp-content\/uploads\/2017\/06\/ftrxkmlaj_p1-100x135.jpg 100w, https:\/\/www.wecycle.de\/ladenlokal\/wp-content\/uploads\/2017\/06\/ftrxkmlaj_p1-150x203.jpg 150w, https:\/\/www.wecycle.de\/ladenlokal\/wp-content\/uploads\/2017\/06\/ftrxkmlaj_p1-200x271.jpg 200w, https:\/\/www.wecycle.de\/ladenlokal\/wp-content\/uploads\/2017\/06\/ftrxkmlaj_p1-300x406.jpg 300w, https:\/\/www.wecycle.de\/ladenlokal\/wp-content\/uploads\/2017\/06\/ftrxkmlaj_p1-450x609.jpg 450w, https:\/\/www.wecycle.de\/ladenlokal\/wp-content\/uploads\/2017\/06\/ftrxkmlaj_p1-600x812.jpg 600w, https:\/\/www.wecycle.de\/ladenlokal\/wp-content\/uploads\/2017\/06\/ftrxkmlaj_p1.jpg 739w\" sizes=\"(max-width: 236px) 100vw, 236px\" \/><\/p>\n","protected":false},"excerpt":{"rendered":"<p>Gerade bei sommerlichen Temperaturen ist die Gefahr bei einer Rast oder Pause sich zu verk\u00fchlen oder sich einen &#8222;Zug&#8220; zu holen sehr hoch. Mit einem Unterhemd\/ Windschutz k\u00f6nnen Sie sich hier sch\u00fctzen. Mavic ist ein franz\u00f6sischer Hersteller von Komponenten. Bekleidung<span class=\"ellipsis\">&hellip;<\/span><\/p>\n<div class=\"read-more\"><a href=\"https:\/\/www.wecycle.de\/ladenlokal\/allgemein\/produkt-der-woche-mavic-wind-ride-unterhemd-fuer-damen-oder-herren\">Weiterlesen \u203a<\/a><\/div>\n<p><!-- end of .read-more --><\/p>\n","protected":false},"author":1,"featured_media":0,"comment_status":"closed","ping_status":"closed","sticky":false,"template":"","format":"standard","meta":{"_acf_changed":false,"footnotes":""},"categories":[1],"tags":[],"acf":[],"_links":{"self":[{"href":"https:\/\/www.wecycle.de\/ladenlokal\/wp-json\/wp\/v2\/posts\/1324"}],"collection":[{"href":"https:\/\/www.wecycle.de\/ladenlokal\/wp-json\/wp\/v2\/posts"}],"about":[{"href":"https:\/\/www.wecycle.de\/ladenlokal\/wp-json\/wp\/v2\/types\/post"}],"author":[{"embeddable":true,"href":"https:\/\/www.wecycle.de\/ladenlokal\/wp-json\/wp\/v2\/users\/1"}],"replies":[{"embeddable":true,"href":"https:\/\/www.wecycle.de\/ladenlokal\/wp-json\/wp\/v2\/comments?post=1324"}],"version-history":[{"count":0,"href":"https:\/\/www.wecycle.de\/ladenlokal\/wp-json\/wp\/v2\/posts\/1324\/revisions"}],"wp:attachment":[{"href":"https:\/\/www.wecycle.de\/ladenlokal\/wp-json\/wp\/v2\/media?parent=1324"}],"wp:term":[{"taxonomy":"category","embeddable":true,"href":"https:\/\/www.wecycle.de\/ladenlokal\/wp-json\/wp\/v2\/categories?post=1324"},{"taxonomy":"post_tag","embeddable":true,"href":"https:\/\/www.wecycle.de\/ladenlokal\/wp-json\/wp\/v2\/tags?post=1324"}],"curies":[{"name":"wp","href":"https:\/\/api.w.org\/{rel}","templated":true}]}}