

{"id":1320,"date":"2017-06-06T09:11:36","date_gmt":"2017-06-06T07:11:36","guid":{"rendered":"https:\/\/www.wecycle.de\/ladenlokal\/?p=1320"},"modified":"2017-06-06T09:11:36","modified_gmt":"2017-06-06T07:11:36","slug":"produkt-der-woche-mavic-vision-h%c2%b2o-regen-windweste","status":"publish","type":"post","link":"https:\/\/www.wecycle.de\/ladenlokal\/allgemein\/produkt-der-woche-mavic-vision-h%c2%b2o-regen-windweste","title":{"rendered":"Produkt der Woche Mavic Vision H\u00b2O Regen Windweste"},"content":{"rendered":"<p>Der Ideale Begleiter f\u00fcr die kommenden Tag.<\/p>\n<p>Regendichte Weste f\u00fcr bedeckte, kalte Tage und schlechte Lichtverh\u00e4ltnisse dank der Kombination aus winddichtem Material und optimierter Sichtbarkeit.<\/p>\n<div class=\"text_exposed_show\">\n<p>Mavic ist ein franz\u00f6sischer Hersteller von Komponenten. Bekleidung und Zubeh\u00f6r f\u00fcr Radfahrer. gegr\u00fcndet 1889. Mit \u00fcber 100 Jahren Erfahrung im Hintergrund arbeitet Mavic st\u00e4ndig am Fortschritt. Mehr als 300 Mitarbeiter treiben die legend\u00e4re Marke in Gelb immer weiter voran mit ihrer echten Leidenschaft f\u00fcr den Radsport.<\/p>\n<p>Vision-Konzept<br \/>\nWassers\u00e4ule: 10&#8217;000 mm<br \/>\nDurchgehender Front-RV<br \/>\nExo Grip bietet maximalen Halt und Elastizit\u00e4t<br \/>\n360\u00b0 reflektierende Details f\u00fcr gute Sichtbarkeit bei Nacht<br \/>\nErgonomisch geschnittener Kragen mit weichem Lycra- Futter<br \/>\nDie federleichte 2,5-Lagen-Membran bietet hohe mechanische Elastizit\u00e4t<br \/>\nK\u00f6rpernahe Passform und Pro Fit-Konstruktion sorgen f\u00fcr Flatterfreiheit<br \/>\nRegendichter Front-RV und getapte N\u00e4hte f\u00fcr noch bessere Schutzwirkung<br \/>\nVerl\u00e4ngertes R\u00fcckenteil, um unteren R\u00fccken und Sattel vor Spritzwasser zu sch\u00fctzen<br \/>\nDas Dura Rain ST-Material vereint Regenschutz, Elastizit\u00e4t und Atmungsaktivit\u00e4t mit einem superweichen Griffgef\u00fchl<br \/>\nStrategische gelbe Farbgebung und Bes\u00e4tze erh\u00f6hen die Sichtbarkeit bei schwachen Lichtverh\u00e4ltnissen, auch in Fahrposition<br \/>\nBreiteres, reflektierendes R\u00fccken-Panel, das extrem auff\u00e4llt, wenn es angestrahlt wird, ohne die Atmungsaktivit\u00e4t zu beeintr\u00e4chtigen<\/p>\n<\/div>\n<p>https:\/\/www.wecycle.de\/Bekleidung\/Mavic-Vision-H2O-Regen-Fahrrad-Windweste-weiss-schwarz-2018.html<\/p>\n<p><img loading=\"lazy\" decoding=\"async\" class=\"alignnone size-medium wp-image-1321\" src=\"https:\/\/www.wecycle.de\/ladenlokal\/wp-content\/uploads\/2017\/06\/befhptmvw_p2-176x320.jpg\" alt=\"\" width=\"176\" height=\"320\" srcset=\"https:\/\/www.wecycle.de\/ladenlokal\/wp-content\/uploads\/2017\/06\/befhptmvw_p2-176x320.jpg 176w, https:\/\/www.wecycle.de\/ladenlokal\/wp-content\/uploads\/2017\/06\/befhptmvw_p2-100x181.jpg 100w, https:\/\/www.wecycle.de\/ladenlokal\/wp-content\/uploads\/2017\/06\/befhptmvw_p2-150x272.jpg 150w, https:\/\/www.wecycle.de\/ladenlokal\/wp-content\/uploads\/2017\/06\/befhptmvw_p2-200x363.jpg 200w, https:\/\/www.wecycle.de\/ladenlokal\/wp-content\/uploads\/2017\/06\/befhptmvw_p2-300x544.jpg 300w, https:\/\/www.wecycle.de\/ladenlokal\/wp-content\/uploads\/2017\/06\/befhptmvw_p2-450x817.jpg 450w, https:\/\/www.wecycle.de\/ladenlokal\/wp-content\/uploads\/2017\/06\/befhptmvw_p2.jpg 551w\" sizes=\"(max-width: 176px) 100vw, 176px\" \/> <img loading=\"lazy\" decoding=\"async\" class=\"alignnone size-medium wp-image-1322\" src=\"https:\/\/www.wecycle.de\/ladenlokal\/wp-content\/uploads\/2017\/06\/jmuoeexik_p1-180x320.jpg\" alt=\"\" width=\"180\" height=\"320\" srcset=\"https:\/\/www.wecycle.de\/ladenlokal\/wp-content\/uploads\/2017\/06\/jmuoeexik_p1-180x320.jpg 180w, https:\/\/www.wecycle.de\/ladenlokal\/wp-content\/uploads\/2017\/06\/jmuoeexik_p1-100x178.jpg 100w, https:\/\/www.wecycle.de\/ladenlokal\/wp-content\/uploads\/2017\/06\/jmuoeexik_p1-150x266.jpg 150w, https:\/\/www.wecycle.de\/ladenlokal\/wp-content\/uploads\/2017\/06\/jmuoeexik_p1-200x355.jpg 200w, https:\/\/www.wecycle.de\/ladenlokal\/wp-content\/uploads\/2017\/06\/jmuoeexik_p1-300x533.jpg 300w, https:\/\/www.wecycle.de\/ladenlokal\/wp-content\/uploads\/2017\/06\/jmuoeexik_p1-450x799.jpg 450w, https:\/\/www.wecycle.de\/ladenlokal\/wp-content\/uploads\/2017\/06\/jmuoeexik_p1.jpg 563w\" sizes=\"(max-width: 180px) 100vw, 180px\" \/><\/p>\n<p>&nbsp;<\/p>\n","protected":false},"excerpt":{"rendered":"<p>Der Ideale Begleiter f\u00fcr die kommenden Tag. Regendichte Weste f\u00fcr bedeckte, kalte Tage und schlechte Lichtverh\u00e4ltnisse dank der Kombination aus winddichtem Material und optimierter Sichtbarkeit. Mavic ist ein franz\u00f6sischer Hersteller von Komponenten. Bekleidung und Zubeh\u00f6r f\u00fcr Radfahrer. gegr\u00fcndet 1889. Mit<span class=\"ellipsis\">&hellip;<\/span><\/p>\n<div class=\"read-more\"><a href=\"https:\/\/www.wecycle.de\/ladenlokal\/allgemein\/produkt-der-woche-mavic-vision-h%c2%b2o-regen-windweste\">Weiterlesen \u203a<\/a><\/div>\n<p><!-- end of .read-more --><\/p>\n","protected":false},"author":1,"featured_media":0,"comment_status":"closed","ping_status":"closed","sticky":false,"template":"","format":"standard","meta":{"_acf_changed":false,"footnotes":""},"categories":[1],"tags":[],"acf":[],"_links":{"self":[{"href":"https:\/\/www.wecycle.de\/ladenlokal\/wp-json\/wp\/v2\/posts\/1320"}],"collection":[{"href":"https:\/\/www.wecycle.de\/ladenlokal\/wp-json\/wp\/v2\/posts"}],"about":[{"href":"https:\/\/www.wecycle.de\/ladenlokal\/wp-json\/wp\/v2\/types\/post"}],"author":[{"embeddable":true,"href":"https:\/\/www.wecycle.de\/ladenlokal\/wp-json\/wp\/v2\/users\/1"}],"replies":[{"embeddable":true,"href":"https:\/\/www.wecycle.de\/ladenlokal\/wp-json\/wp\/v2\/comments?post=1320"}],"version-history":[{"count":0,"href":"https:\/\/www.wecycle.de\/ladenlokal\/wp-json\/wp\/v2\/posts\/1320\/revisions"}],"wp:attachment":[{"href":"https:\/\/www.wecycle.de\/ladenlokal\/wp-json\/wp\/v2\/media?parent=1320"}],"wp:term":[{"taxonomy":"category","embeddable":true,"href":"https:\/\/www.wecycle.de\/ladenlokal\/wp-json\/wp\/v2\/categories?post=1320"},{"taxonomy":"post_tag","embeddable":true,"href":"https:\/\/www.wecycle.de\/ladenlokal\/wp-json\/wp\/v2\/tags?post=1320"}],"curies":[{"name":"wp","href":"https:\/\/api.w.org\/{rel}","templated":true}]}}