

{"id":1304,"date":"2017-05-15T11:23:12","date_gmt":"2017-05-15T09:23:12","guid":{"rendered":"https:\/\/www.wecycle.de\/ladenlokal\/?p=1304"},"modified":"2017-05-15T11:23:12","modified_gmt":"2017-05-15T09:23:12","slug":"produkt-der-woche-assos-chamois-sitzcreme","status":"publish","type":"post","link":"https:\/\/www.wecycle.de\/ladenlokal\/allgemein\/produkt-der-woche-assos-chamois-sitzcreme","title":{"rendered":"Produkt der Woche  Assos Chamois Sitzcreme,"},"content":{"rendered":"<p>ASSOS ist ein Lebensstil. Die ASSOS Passion, Liebe zum Detail, Know- How und das leidenschaftliche Streben nach Perfektion haben ihre Wurzeln in einer Kultur und Familie, die seit 4 Generationen mit jedem Aspekt dieses Sports verbunden ist.<\/p>\n<p>F\u00fcr verbesserten Fahrkomfort wird die Verwendung der ASSOS Chamois Creme empfohlen. Sie reduziert Reibung und h\u00e4lt die Haut angenehm k\u00fchl. Die Chamois Creme verhindert Entz\u00fcndungen und hat a<span class=\"text_exposed_show\">ntibakterielle Eigenschaften. Tragen Sie die Creme vor jeder Fahrt direkt auf die Haut auf (vermeiden Sie dabei das Eincremen des Intimbereichs). Zus\u00e4tzlich k\u00f6nnen Sie nach jedem Waschgang eine d\u00fcnne Schicht direkt auf das Sitzpolster Ihrer Hose auftragen. So bleibt die Geschmeidigkeit, Elastizit\u00e4t und antibakterielle Wirkung erhalten. \u00dcbrigens, die ASSOS Chamois Creme wird von vielen Profis, unabh\u00e4ngig vom jeweiligen Bekleidungssponsor, eingesetzt. Die ASSOS Chamois Creme einfach ein Muss. Verlassen Sie das Haus nie ohne sie! <\/span><\/p>\n<p>&nbsp;<\/p>\n<p><img loading=\"lazy\" decoding=\"async\" class=\"alignnone size-medium wp-image-1305\" src=\"https:\/\/www.wecycle.de\/ladenlokal\/wp-content\/uploads\/2017\/05\/stvjcfldx_p1-320x283.jpg\" alt=\"\" width=\"320\" height=\"283\" srcset=\"https:\/\/www.wecycle.de\/ladenlokal\/wp-content\/uploads\/2017\/05\/stvjcfldx_p1-320x283.jpg 320w, https:\/\/www.wecycle.de\/ladenlokal\/wp-content\/uploads\/2017\/05\/stvjcfldx_p1-100x88.jpg 100w, https:\/\/www.wecycle.de\/ladenlokal\/wp-content\/uploads\/2017\/05\/stvjcfldx_p1-150x133.jpg 150w, https:\/\/www.wecycle.de\/ladenlokal\/wp-content\/uploads\/2017\/05\/stvjcfldx_p1-200x177.jpg 200w, https:\/\/www.wecycle.de\/ladenlokal\/wp-content\/uploads\/2017\/05\/stvjcfldx_p1-300x265.jpg 300w, https:\/\/www.wecycle.de\/ladenlokal\/wp-content\/uploads\/2017\/05\/stvjcfldx_p1-450x398.jpg 450w, https:\/\/www.wecycle.de\/ladenlokal\/wp-content\/uploads\/2017\/05\/stvjcfldx_p1-600x530.jpg 600w, https:\/\/www.wecycle.de\/ladenlokal\/wp-content\/uploads\/2017\/05\/stvjcfldx_p1-900x796.jpg 900w, https:\/\/www.wecycle.de\/ladenlokal\/wp-content\/uploads\/2017\/05\/stvjcfldx_p1.jpg 1000w\" sizes=\"(max-width: 320px) 100vw, 320px\" \/><\/p>\n<p>&nbsp;<\/p>\n<p>https:\/\/www.wecycle.de\/Bekleidung\/Pflegeprodukte\/Sitzcreme\/107-14-Euro-Liter-Assos-Chamois-Creme-Fahrrad-Sitzcreme-0-14-Liter.html<\/p>\n","protected":false},"excerpt":{"rendered":"<p>ASSOS ist ein Lebensstil. Die ASSOS Passion, Liebe zum Detail, Know- How und das leidenschaftliche Streben nach Perfektion haben ihre Wurzeln in einer Kultur und Familie, die seit 4 Generationen mit jedem Aspekt dieses Sports verbunden ist. F\u00fcr verbesserten Fahrkomfort<span class=\"ellipsis\">&hellip;<\/span><\/p>\n<div class=\"read-more\"><a href=\"https:\/\/www.wecycle.de\/ladenlokal\/allgemein\/produkt-der-woche-assos-chamois-sitzcreme\">Weiterlesen \u203a<\/a><\/div>\n<p><!-- end of .read-more --><\/p>\n","protected":false},"author":1,"featured_media":0,"comment_status":"closed","ping_status":"closed","sticky":false,"template":"","format":"standard","meta":{"_acf_changed":false,"footnotes":""},"categories":[1],"tags":[],"acf":[],"_links":{"self":[{"href":"https:\/\/www.wecycle.de\/ladenlokal\/wp-json\/wp\/v2\/posts\/1304"}],"collection":[{"href":"https:\/\/www.wecycle.de\/ladenlokal\/wp-json\/wp\/v2\/posts"}],"about":[{"href":"https:\/\/www.wecycle.de\/ladenlokal\/wp-json\/wp\/v2\/types\/post"}],"author":[{"embeddable":true,"href":"https:\/\/www.wecycle.de\/ladenlokal\/wp-json\/wp\/v2\/users\/1"}],"replies":[{"embeddable":true,"href":"https:\/\/www.wecycle.de\/ladenlokal\/wp-json\/wp\/v2\/comments?post=1304"}],"version-history":[{"count":0,"href":"https:\/\/www.wecycle.de\/ladenlokal\/wp-json\/wp\/v2\/posts\/1304\/revisions"}],"wp:attachment":[{"href":"https:\/\/www.wecycle.de\/ladenlokal\/wp-json\/wp\/v2\/media?parent=1304"}],"wp:term":[{"taxonomy":"category","embeddable":true,"href":"https:\/\/www.wecycle.de\/ladenlokal\/wp-json\/wp\/v2\/categories?post=1304"},{"taxonomy":"post_tag","embeddable":true,"href":"https:\/\/www.wecycle.de\/ladenlokal\/wp-json\/wp\/v2\/tags?post=1304"}],"curies":[{"name":"wp","href":"https:\/\/api.w.org\/{rel}","templated":true}]}}