

{"id":1292,"date":"2017-05-08T11:37:29","date_gmt":"2017-05-08T09:37:29","guid":{"rendered":"https:\/\/www.wecycle.de\/ladenlokal\/?p=1292"},"modified":"2017-05-08T11:38:37","modified_gmt":"2017-05-08T09:38:37","slug":"produkt-der-woche-reverse-escape-flat-fahrrad-pedal","status":"publish","type":"post","link":"https:\/\/www.wecycle.de\/ladenlokal\/allgemein\/produkt-der-woche-reverse-escape-flat-fahrrad-pedal","title":{"rendered":"Produkt der Woche Reverse Escape Flat Fahrrad Pedal"},"content":{"rendered":"<p>Der aus dem Schwarzwald stammende Komponentenhersteller Reverse Components, spezialisierte sich bereits vom ersten Tag an auf Mountainbike Anbauteile, welche den extremen Anspr\u00fcchen im Bereich All Mountain bis hin zum extremen Downhill in punkto Performance, Langlebigkeit, Kompatibilit\u00e4t und Haltbarkeit gerecht werden sollen. Auch modernes und zugleich stylisches Design der Produkte sind \u00fcberaus wichtig und so bietet die Rev<span class=\"text_exposed_show\">erse Produktpalette mittlerweile \u00fcber 850 verschiedenfarbige Produkte rund um das Mountainbike.<\/span><\/p>\n<div class=\"text_exposed_show\">\n<p>Ein guter und sicherer Stand auf dem Pedal ist genauso wichtig wie die Traktion zwischen Reifen und Boden. Mit dem Reverse Escape Pedal ist dieser entscheidende Faktor mit viel Style verschmolzen. Die Standfl\u00e4che des Escape s ist sehr gro\u00dfz\u00fcgig gestaltet und bietet auch Bikern mit gr\u00f6\u00dferen F\u00fc\u00dfen einen optimalen Halt. Ein weiterer Vorteil des Pedals sind die austauschbaren Pins und die &#8220; anti rotate-function&#8220; gegen unerw\u00fcnschtes Pedaldurchdrehen. Um das Pedal optisch perfekt an dein Bike anpassen zu k\u00f6nnen, bieten Reverse Components das Escape Pedal in acht verschiedenen Farben an.<\/p>\n<p>Be part of the Reverse family!<\/p>\n<\/div>\n<p>https:\/\/www.wecycle.de\/index.php?stoken=2AF355F&#038;lang=0&#038;cl=search&#038;searchparam=Reverse+Escape+Flat<\/p>\n<p>&nbsp;<\/p>\n<p><img loading=\"lazy\" decoding=\"async\" class=\"alignnone size-medium wp-image-1294\" src=\"https:\/\/www.wecycle.de\/ladenlokal\/wp-content\/uploads\/2017\/05\/abhebgfek_p1-320x254.jpg\" alt=\"\" width=\"320\" height=\"254\" srcset=\"https:\/\/www.wecycle.de\/ladenlokal\/wp-content\/uploads\/2017\/05\/abhebgfek_p1-320x254.jpg 320w, https:\/\/www.wecycle.de\/ladenlokal\/wp-content\/uploads\/2017\/05\/abhebgfek_p1-100x79.jpg 100w, https:\/\/www.wecycle.de\/ladenlokal\/wp-content\/uploads\/2017\/05\/abhebgfek_p1-150x119.jpg 150w, https:\/\/www.wecycle.de\/ladenlokal\/wp-content\/uploads\/2017\/05\/abhebgfek_p1-200x159.jpg 200w, https:\/\/www.wecycle.de\/ladenlokal\/wp-content\/uploads\/2017\/05\/abhebgfek_p1-300x238.jpg 300w, https:\/\/www.wecycle.de\/ladenlokal\/wp-content\/uploads\/2017\/05\/abhebgfek_p1-450x357.jpg 450w, https:\/\/www.wecycle.de\/ladenlokal\/wp-content\/uploads\/2017\/05\/abhebgfek_p1-600x476.jpg 600w, https:\/\/www.wecycle.de\/ladenlokal\/wp-content\/uploads\/2017\/05\/abhebgfek_p1-900x714.jpg 900w, https:\/\/www.wecycle.de\/ladenlokal\/wp-content\/uploads\/2017\/05\/abhebgfek_p1.jpg 1000w\" sizes=\"(max-width: 320px) 100vw, 320px\" \/> <img loading=\"lazy\" decoding=\"async\" class=\"alignnone size-medium wp-image-1295\" src=\"https:\/\/www.wecycle.de\/ladenlokal\/wp-content\/uploads\/2017\/05\/iehgfsiwc_p1-320x254.jpg\" alt=\"\" width=\"320\" height=\"254\" srcset=\"https:\/\/www.wecycle.de\/ladenlokal\/wp-content\/uploads\/2017\/05\/iehgfsiwc_p1-320x254.jpg 320w, https:\/\/www.wecycle.de\/ladenlokal\/wp-content\/uploads\/2017\/05\/iehgfsiwc_p1-100x79.jpg 100w, https:\/\/www.wecycle.de\/ladenlokal\/wp-content\/uploads\/2017\/05\/iehgfsiwc_p1-150x119.jpg 150w, https:\/\/www.wecycle.de\/ladenlokal\/wp-content\/uploads\/2017\/05\/iehgfsiwc_p1-200x159.jpg 200w, https:\/\/www.wecycle.de\/ladenlokal\/wp-content\/uploads\/2017\/05\/iehgfsiwc_p1-300x238.jpg 300w, https:\/\/www.wecycle.de\/ladenlokal\/wp-content\/uploads\/2017\/05\/iehgfsiwc_p1-450x357.jpg 450w, https:\/\/www.wecycle.de\/ladenlokal\/wp-content\/uploads\/2017\/05\/iehgfsiwc_p1-600x476.jpg 600w, https:\/\/www.wecycle.de\/ladenlokal\/wp-content\/uploads\/2017\/05\/iehgfsiwc_p1-900x715.jpg 900w, https:\/\/www.wecycle.de\/ladenlokal\/wp-content\/uploads\/2017\/05\/iehgfsiwc_p1.jpg 1000w\" sizes=\"(max-width: 320px) 100vw, 320px\" \/> <img loading=\"lazy\" decoding=\"async\" class=\"alignnone size-medium wp-image-1296\" src=\"https:\/\/www.wecycle.de\/ladenlokal\/wp-content\/uploads\/2017\/05\/iomkjrldd_p1-320x258.jpg\" alt=\"\" width=\"320\" height=\"258\" srcset=\"https:\/\/www.wecycle.de\/ladenlokal\/wp-content\/uploads\/2017\/05\/iomkjrldd_p1-320x258.jpg 320w, https:\/\/www.wecycle.de\/ladenlokal\/wp-content\/uploads\/2017\/05\/iomkjrldd_p1-100x81.jpg 100w, https:\/\/www.wecycle.de\/ladenlokal\/wp-content\/uploads\/2017\/05\/iomkjrldd_p1-150x121.jpg 150w, https:\/\/www.wecycle.de\/ladenlokal\/wp-content\/uploads\/2017\/05\/iomkjrldd_p1-200x161.jpg 200w, https:\/\/www.wecycle.de\/ladenlokal\/wp-content\/uploads\/2017\/05\/iomkjrldd_p1-300x242.jpg 300w, https:\/\/www.wecycle.de\/ladenlokal\/wp-content\/uploads\/2017\/05\/iomkjrldd_p1-450x363.jpg 450w, https:\/\/www.wecycle.de\/ladenlokal\/wp-content\/uploads\/2017\/05\/iomkjrldd_p1-600x484.jpg 600w, https:\/\/www.wecycle.de\/ladenlokal\/wp-content\/uploads\/2017\/05\/iomkjrldd_p1-900x725.jpg 900w, https:\/\/www.wecycle.de\/ladenlokal\/wp-content\/uploads\/2017\/05\/iomkjrldd_p1.jpg 1000w\" sizes=\"(max-width: 320px) 100vw, 320px\" \/> <img loading=\"lazy\" decoding=\"async\" class=\"alignnone size-medium wp-image-1297\" src=\"https:\/\/www.wecycle.de\/ladenlokal\/wp-content\/uploads\/2017\/05\/vrwbnxyhq_p1-320x213.jpg\" alt=\"\" width=\"320\" height=\"213\" srcset=\"https:\/\/www.wecycle.de\/ladenlokal\/wp-content\/uploads\/2017\/05\/vrwbnxyhq_p1-320x213.jpg 320w, https:\/\/www.wecycle.de\/ladenlokal\/wp-content\/uploads\/2017\/05\/vrwbnxyhq_p1-100x67.jpg 100w, https:\/\/www.wecycle.de\/ladenlokal\/wp-content\/uploads\/2017\/05\/vrwbnxyhq_p1-150x100.jpg 150w, https:\/\/www.wecycle.de\/ladenlokal\/wp-content\/uploads\/2017\/05\/vrwbnxyhq_p1-200x133.jpg 200w, https:\/\/www.wecycle.de\/ladenlokal\/wp-content\/uploads\/2017\/05\/vrwbnxyhq_p1-300x200.jpg 300w, https:\/\/www.wecycle.de\/ladenlokal\/wp-content\/uploads\/2017\/05\/vrwbnxyhq_p1-450x300.jpg 450w, https:\/\/www.wecycle.de\/ladenlokal\/wp-content\/uploads\/2017\/05\/vrwbnxyhq_p1-600x400.jpg 600w, https:\/\/www.wecycle.de\/ladenlokal\/wp-content\/uploads\/2017\/05\/vrwbnxyhq_p1-900x600.jpg 900w, https:\/\/www.wecycle.de\/ladenlokal\/wp-content\/uploads\/2017\/05\/vrwbnxyhq_p1.jpg 1000w\" sizes=\"(max-width: 320px) 100vw, 320px\" \/> <img loading=\"lazy\" decoding=\"async\" class=\"alignnone size-medium wp-image-1298\" src=\"https:\/\/www.wecycle.de\/ladenlokal\/wp-content\/uploads\/2017\/05\/wbctckafb_p1-320x252.jpg\" alt=\"\" width=\"320\" height=\"252\" srcset=\"https:\/\/www.wecycle.de\/ladenlokal\/wp-content\/uploads\/2017\/05\/wbctckafb_p1-320x252.jpg 320w, https:\/\/www.wecycle.de\/ladenlokal\/wp-content\/uploads\/2017\/05\/wbctckafb_p1-100x79.jpg 100w, https:\/\/www.wecycle.de\/ladenlokal\/wp-content\/uploads\/2017\/05\/wbctckafb_p1-150x118.jpg 150w, https:\/\/www.wecycle.de\/ladenlokal\/wp-content\/uploads\/2017\/05\/wbctckafb_p1-200x158.jpg 200w, https:\/\/www.wecycle.de\/ladenlokal\/wp-content\/uploads\/2017\/05\/wbctckafb_p1-300x236.jpg 300w, https:\/\/www.wecycle.de\/ladenlokal\/wp-content\/uploads\/2017\/05\/wbctckafb_p1-450x355.jpg 450w, https:\/\/www.wecycle.de\/ladenlokal\/wp-content\/uploads\/2017\/05\/wbctckafb_p1-600x473.jpg 600w, https:\/\/www.wecycle.de\/ladenlokal\/wp-content\/uploads\/2017\/05\/wbctckafb_p1-900x709.jpg 900w, https:\/\/www.wecycle.de\/ladenlokal\/wp-content\/uploads\/2017\/05\/wbctckafb_p1.jpg 1000w\" sizes=\"(max-width: 320px) 100vw, 320px\" \/> <img loading=\"lazy\" decoding=\"async\" class=\"alignnone size-medium wp-image-1299\" src=\"https:\/\/www.wecycle.de\/ladenlokal\/wp-content\/uploads\/2017\/05\/xekibpkvs_p1-320x264.jpg\" alt=\"\" width=\"320\" height=\"264\" srcset=\"https:\/\/www.wecycle.de\/ladenlokal\/wp-content\/uploads\/2017\/05\/xekibpkvs_p1-320x264.jpg 320w, https:\/\/www.wecycle.de\/ladenlokal\/wp-content\/uploads\/2017\/05\/xekibpkvs_p1-100x83.jpg 100w, https:\/\/www.wecycle.de\/ladenlokal\/wp-content\/uploads\/2017\/05\/xekibpkvs_p1-150x124.jpg 150w, https:\/\/www.wecycle.de\/ladenlokal\/wp-content\/uploads\/2017\/05\/xekibpkvs_p1-200x165.jpg 200w, https:\/\/www.wecycle.de\/ladenlokal\/wp-content\/uploads\/2017\/05\/xekibpkvs_p1-300x248.jpg 300w, https:\/\/www.wecycle.de\/ladenlokal\/wp-content\/uploads\/2017\/05\/xekibpkvs_p1-450x372.jpg 450w, https:\/\/www.wecycle.de\/ladenlokal\/wp-content\/uploads\/2017\/05\/xekibpkvs_p1-600x496.jpg 600w, https:\/\/www.wecycle.de\/ladenlokal\/wp-content\/uploads\/2017\/05\/xekibpkvs_p1-900x743.jpg 900w, https:\/\/www.wecycle.de\/ladenlokal\/wp-content\/uploads\/2017\/05\/xekibpkvs_p1.jpg 1000w\" sizes=\"(max-width: 320px) 100vw, 320px\" \/> <img loading=\"lazy\" decoding=\"async\" class=\"alignnone size-medium wp-image-1300\" src=\"https:\/\/www.wecycle.de\/ladenlokal\/wp-content\/uploads\/2017\/05\/ycagmjrfo_p1-320x244.jpg\" alt=\"\" width=\"320\" height=\"244\" srcset=\"https:\/\/www.wecycle.de\/ladenlokal\/wp-content\/uploads\/2017\/05\/ycagmjrfo_p1-320x244.jpg 320w, https:\/\/www.wecycle.de\/ladenlokal\/wp-content\/uploads\/2017\/05\/ycagmjrfo_p1-100x76.jpg 100w, https:\/\/www.wecycle.de\/ladenlokal\/wp-content\/uploads\/2017\/05\/ycagmjrfo_p1-150x114.jpg 150w, https:\/\/www.wecycle.de\/ladenlokal\/wp-content\/uploads\/2017\/05\/ycagmjrfo_p1-200x152.jpg 200w, https:\/\/www.wecycle.de\/ladenlokal\/wp-content\/uploads\/2017\/05\/ycagmjrfo_p1-300x229.jpg 300w, https:\/\/www.wecycle.de\/ladenlokal\/wp-content\/uploads\/2017\/05\/ycagmjrfo_p1-450x343.jpg 450w, https:\/\/www.wecycle.de\/ladenlokal\/wp-content\/uploads\/2017\/05\/ycagmjrfo_p1-600x457.jpg 600w, https:\/\/www.wecycle.de\/ladenlokal\/wp-content\/uploads\/2017\/05\/ycagmjrfo_p1-900x686.jpg 900w, https:\/\/www.wecycle.de\/ladenlokal\/wp-content\/uploads\/2017\/05\/ycagmjrfo_p1.jpg 1000w\" sizes=\"(max-width: 320px) 100vw, 320px\" \/> <img loading=\"lazy\" decoding=\"async\" class=\"alignnone size-medium wp-image-1301\" src=\"https:\/\/www.wecycle.de\/ladenlokal\/wp-content\/uploads\/2017\/05\/ykmgphxwv_p1-320x259.jpg\" alt=\"\" width=\"320\" height=\"259\" srcset=\"https:\/\/www.wecycle.de\/ladenlokal\/wp-content\/uploads\/2017\/05\/ykmgphxwv_p1-320x259.jpg 320w, https:\/\/www.wecycle.de\/ladenlokal\/wp-content\/uploads\/2017\/05\/ykmgphxwv_p1-100x81.jpg 100w, https:\/\/www.wecycle.de\/ladenlokal\/wp-content\/uploads\/2017\/05\/ykmgphxwv_p1-150x121.jpg 150w, https:\/\/www.wecycle.de\/ladenlokal\/wp-content\/uploads\/2017\/05\/ykmgphxwv_p1-200x162.jpg 200w, https:\/\/www.wecycle.de\/ladenlokal\/wp-content\/uploads\/2017\/05\/ykmgphxwv_p1-300x243.jpg 300w, https:\/\/www.wecycle.de\/ladenlokal\/wp-content\/uploads\/2017\/05\/ykmgphxwv_p1-450x364.jpg 450w, https:\/\/www.wecycle.de\/ladenlokal\/wp-content\/uploads\/2017\/05\/ykmgphxwv_p1-600x485.jpg 600w, https:\/\/www.wecycle.de\/ladenlokal\/wp-content\/uploads\/2017\/05\/ykmgphxwv_p1-900x728.jpg 900w, https:\/\/www.wecycle.de\/ladenlokal\/wp-content\/uploads\/2017\/05\/ykmgphxwv_p1.jpg 1000w\" sizes=\"(max-width: 320px) 100vw, 320px\" \/><\/p>\n","protected":false},"excerpt":{"rendered":"<p>Der aus dem Schwarzwald stammende Komponentenhersteller Reverse Components, spezialisierte sich bereits vom ersten Tag an auf Mountainbike Anbauteile, welche den extremen Anspr\u00fcchen im Bereich All Mountain bis hin zum extremen Downhill in punkto Performance, Langlebigkeit, Kompatibilit\u00e4t und Haltbarkeit gerecht werden<span class=\"ellipsis\">&hellip;<\/span><\/p>\n<div class=\"read-more\"><a href=\"https:\/\/www.wecycle.de\/ladenlokal\/allgemein\/produkt-der-woche-reverse-escape-flat-fahrrad-pedal\">Weiterlesen \u203a<\/a><\/div>\n<p><!-- end of .read-more --><\/p>\n","protected":false},"author":1,"featured_media":0,"comment_status":"closed","ping_status":"closed","sticky":false,"template":"","format":"standard","meta":{"_acf_changed":false,"footnotes":""},"categories":[1,7],"tags":[],"acf":[],"_links":{"self":[{"href":"https:\/\/www.wecycle.de\/ladenlokal\/wp-json\/wp\/v2\/posts\/1292"}],"collection":[{"href":"https:\/\/www.wecycle.de\/ladenlokal\/wp-json\/wp\/v2\/posts"}],"about":[{"href":"https:\/\/www.wecycle.de\/ladenlokal\/wp-json\/wp\/v2\/types\/post"}],"author":[{"embeddable":true,"href":"https:\/\/www.wecycle.de\/ladenlokal\/wp-json\/wp\/v2\/users\/1"}],"replies":[{"embeddable":true,"href":"https:\/\/www.wecycle.de\/ladenlokal\/wp-json\/wp\/v2\/comments?post=1292"}],"version-history":[{"count":0,"href":"https:\/\/www.wecycle.de\/ladenlokal\/wp-json\/wp\/v2\/posts\/1292\/revisions"}],"wp:attachment":[{"href":"https:\/\/www.wecycle.de\/ladenlokal\/wp-json\/wp\/v2\/media?parent=1292"}],"wp:term":[{"taxonomy":"category","embeddable":true,"href":"https:\/\/www.wecycle.de\/ladenlokal\/wp-json\/wp\/v2\/categories?post=1292"},{"taxonomy":"post_tag","embeddable":true,"href":"https:\/\/www.wecycle.de\/ladenlokal\/wp-json\/wp\/v2\/tags?post=1292"}],"curies":[{"name":"wp","href":"https:\/\/api.w.org\/{rel}","templated":true}]}}