

{"id":1227,"date":"2017-03-27T08:59:23","date_gmt":"2017-03-27T06:59:23","guid":{"rendered":"https:\/\/www.wecycle.de\/ladenlokal\/?p=1227"},"modified":"2017-03-27T09:03:03","modified_gmt":"2017-03-27T07:03:03","slug":"produkt-der-woche-uvex-sportstyle-702-wechselscheiben-fahrradbrille","status":"publish","type":"post","link":"https:\/\/www.wecycle.de\/ladenlokal\/allgemein\/produkt-der-woche-uvex-sportstyle-702-wechselscheiben-fahrradbrille","title":{"rendered":"Produkt der Woche Uvex Sportstyle 702 Wechselscheiben Fahrradbrille"},"content":{"rendered":"<div>\n<div>Produkt der Woche Uvex Sportstyle 702 Wechselscheiben Fahrradbrille.<\/div>\n<\/div>\n<div class=\"_5sem\">\n<div id=\"u_2s_0\" class=\"_4-u2 mbm _4mrt _5jmm _5pat _5v3q _4-u8\">\n<div id=\"u_2s_1\" class=\"_3ccb\">\n<div class=\"userContentWrapper _5pcr\">\n<div class=\"_1dwg _1w_m _2ph_\">\n<div>\n<div id=\"js_2z3\" class=\"_5pbx userContent\">\n<div id=\"id_58d8b7aaad57e3630351427\" class=\"text_exposed_root text_exposed\">\n<p>Ob beim Biken auf der Stra\u00dfe, im Gel\u00e4nde oder in der Stadt mit den Radbrillen von uvex ist man f\u00fcr alle sportlichen Aktivit\u00e4ten auf dem Bike bestens ger\u00fcstet.<br \/>\nDas kinderleichte Magnetwechselsystem erm\u00f6glicht es sekundenschnell das dunkle gegen ein helles Glas einzutauschen die sind auch bei jeder Brille gleich dabei. Egal ob dunkel oder hell, die uvex Gl\u00e4ser sch\u00fctzen zu 100 Prozent vor sch\u00e4dlichen UVA. UVB, <span class=\"text_exposed_show\">und UVC Strahlen. Gerade an k\u00fchleren Tagen profitieren Mountainbiker von der speziellen supravision\u00ae Beschichtung und der direkten Glasbel\u00fcftung, die zusammen ein Beschlagen der Scheibe verhindern ohne Luftzug aufs Auge zu bringen.<\/span><\/p>\n<div class=\"text_exposed_show\">\n<p>-Litemirror: Bietet zus\u00e4tzlichen Schutz vor infraroter Strahlung<br \/>\n-Supravision\u00ae: Jederzeit beschlagfreie Sicht durch eine spezielle<br \/>\n-Oberfl\u00e4chen-behandlung ohne Beeinflussung der optischen<br \/>\n-Qualit\u00e4t der Scheibe<br \/>\n-Soft Nose Pads Soft Earpieces: F\u00fcr druckfreien Tragekomfort sorgen bei uvex Soft Nose Pads und Soft Earpieces. Die Softb\u00fcgel lassen sich kalt verformen<br \/>\n-Direct Lens Ventilation: Die uvex Klimakompetenz sorgt f\u00fcr eine permanente, zugfreie Bel\u00fcftung. F\u00fcr dauerhaft beschlagfreie Sicht und ungetr\u00fcbtes Vergn\u00fcgen<br \/>\n-100% UVA-, UVB-, UVC-Schutz<\/p>\n<p>https:\/\/www.wecycle.de\/\u2026\/Uvex-Sportstyle-702-Wechselscheibe\u2026<\/p>\n<\/div>\n<p><img loading=\"lazy\" decoding=\"async\" class=\"alignnone size-medium wp-image-1230\" src=\"https:\/\/www.wecycle.de\/ladenlokal\/wp-content\/uploads\/2017\/03\/ucosycvui_p1-320x113.jpg\" alt=\"\" width=\"320\" height=\"113\" srcset=\"https:\/\/www.wecycle.de\/ladenlokal\/wp-content\/uploads\/2017\/03\/ucosycvui_p1-320x113.jpg 320w, https:\/\/www.wecycle.de\/ladenlokal\/wp-content\/uploads\/2017\/03\/ucosycvui_p1-100x35.jpg 100w, https:\/\/www.wecycle.de\/ladenlokal\/wp-content\/uploads\/2017\/03\/ucosycvui_p1-150x53.jpg 150w, https:\/\/www.wecycle.de\/ladenlokal\/wp-content\/uploads\/2017\/03\/ucosycvui_p1-200x71.jpg 200w, https:\/\/www.wecycle.de\/ladenlokal\/wp-content\/uploads\/2017\/03\/ucosycvui_p1-300x106.jpg 300w, https:\/\/www.wecycle.de\/ladenlokal\/wp-content\/uploads\/2017\/03\/ucosycvui_p1-450x159.jpg 450w, https:\/\/www.wecycle.de\/ladenlokal\/wp-content\/uploads\/2017\/03\/ucosycvui_p1-600x212.jpg 600w, https:\/\/www.wecycle.de\/ladenlokal\/wp-content\/uploads\/2017\/03\/ucosycvui_p1-900x318.jpg 900w, https:\/\/www.wecycle.de\/ladenlokal\/wp-content\/uploads\/2017\/03\/ucosycvui_p1.jpg 1000w\" sizes=\"(max-width: 320px) 100vw, 320px\" \/> <img loading=\"lazy\" decoding=\"async\" class=\"alignnone size-medium wp-image-1231\" src=\"https:\/\/www.wecycle.de\/ladenlokal\/wp-content\/uploads\/2017\/03\/xkcipqhmc_p1-320x114.jpg\" alt=\"\" width=\"320\" height=\"114\" srcset=\"https:\/\/www.wecycle.de\/ladenlokal\/wp-content\/uploads\/2017\/03\/xkcipqhmc_p1-320x114.jpg 320w, https:\/\/www.wecycle.de\/ladenlokal\/wp-content\/uploads\/2017\/03\/xkcipqhmc_p1-100x36.jpg 100w, https:\/\/www.wecycle.de\/ladenlokal\/wp-content\/uploads\/2017\/03\/xkcipqhmc_p1-150x53.jpg 150w, https:\/\/www.wecycle.de\/ladenlokal\/wp-content\/uploads\/2017\/03\/xkcipqhmc_p1-200x71.jpg 200w, https:\/\/www.wecycle.de\/ladenlokal\/wp-content\/uploads\/2017\/03\/xkcipqhmc_p1-300x107.jpg 300w, https:\/\/www.wecycle.de\/ladenlokal\/wp-content\/uploads\/2017\/03\/xkcipqhmc_p1-450x160.jpg 450w, https:\/\/www.wecycle.de\/ladenlokal\/wp-content\/uploads\/2017\/03\/xkcipqhmc_p1-600x213.jpg 600w, https:\/\/www.wecycle.de\/ladenlokal\/wp-content\/uploads\/2017\/03\/xkcipqhmc_p1-900x320.jpg 900w, https:\/\/www.wecycle.de\/ladenlokal\/wp-content\/uploads\/2017\/03\/xkcipqhmc_p1.jpg 1000w\" sizes=\"(max-width: 320px) 100vw, 320px\" \/> <img loading=\"lazy\" decoding=\"async\" class=\"alignnone size-medium wp-image-1229\" src=\"https:\/\/www.wecycle.de\/ladenlokal\/wp-content\/uploads\/2017\/03\/rqroqfaus_p1-320x111.jpg\" alt=\"\" width=\"320\" height=\"111\" srcset=\"https:\/\/www.wecycle.de\/ladenlokal\/wp-content\/uploads\/2017\/03\/rqroqfaus_p1-320x111.jpg 320w, https:\/\/www.wecycle.de\/ladenlokal\/wp-content\/uploads\/2017\/03\/rqroqfaus_p1-100x35.jpg 100w, https:\/\/www.wecycle.de\/ladenlokal\/wp-content\/uploads\/2017\/03\/rqroqfaus_p1-150x52.jpg 150w, https:\/\/www.wecycle.de\/ladenlokal\/wp-content\/uploads\/2017\/03\/rqroqfaus_p1-200x70.jpg 200w, https:\/\/www.wecycle.de\/ladenlokal\/wp-content\/uploads\/2017\/03\/rqroqfaus_p1-300x104.jpg 300w, https:\/\/www.wecycle.de\/ladenlokal\/wp-content\/uploads\/2017\/03\/rqroqfaus_p1-450x157.jpg 450w, https:\/\/www.wecycle.de\/ladenlokal\/wp-content\/uploads\/2017\/03\/rqroqfaus_p1-600x209.jpg 600w, https:\/\/www.wecycle.de\/ladenlokal\/wp-content\/uploads\/2017\/03\/rqroqfaus_p1-900x313.jpg 900w, https:\/\/www.wecycle.de\/ladenlokal\/wp-content\/uploads\/2017\/03\/rqroqfaus_p1.jpg 1000w\" sizes=\"(max-width: 320px) 100vw, 320px\" \/> <img loading=\"lazy\" decoding=\"async\" class=\"alignnone size-medium wp-image-1228\" src=\"https:\/\/www.wecycle.de\/ladenlokal\/wp-content\/uploads\/2017\/03\/lenqwcgxu_p1-320x113.jpg\" alt=\"\" width=\"320\" height=\"113\" srcset=\"https:\/\/www.wecycle.de\/ladenlokal\/wp-content\/uploads\/2017\/03\/lenqwcgxu_p1-320x113.jpg 320w, https:\/\/www.wecycle.de\/ladenlokal\/wp-content\/uploads\/2017\/03\/lenqwcgxu_p1-100x35.jpg 100w, https:\/\/www.wecycle.de\/ladenlokal\/wp-content\/uploads\/2017\/03\/lenqwcgxu_p1-150x53.jpg 150w, https:\/\/www.wecycle.de\/ladenlokal\/wp-content\/uploads\/2017\/03\/lenqwcgxu_p1-200x71.jpg 200w, https:\/\/www.wecycle.de\/ladenlokal\/wp-content\/uploads\/2017\/03\/lenqwcgxu_p1-300x106.jpg 300w, https:\/\/www.wecycle.de\/ladenlokal\/wp-content\/uploads\/2017\/03\/lenqwcgxu_p1-450x159.jpg 450w, https:\/\/www.wecycle.de\/ladenlokal\/wp-content\/uploads\/2017\/03\/lenqwcgxu_p1-600x212.jpg 600w, https:\/\/www.wecycle.de\/ladenlokal\/wp-content\/uploads\/2017\/03\/lenqwcgxu_p1-900x319.jpg 900w, https:\/\/www.wecycle.de\/ladenlokal\/wp-content\/uploads\/2017\/03\/lenqwcgxu_p1.jpg 1000w\" sizes=\"(max-width: 320px) 100vw, 320px\" \/><\/p>\n<\/div>\n<\/div>\n<\/div>\n<\/div>\n<\/div>\n<\/div>\n<\/div>\n<\/div>\n","protected":false},"excerpt":{"rendered":"<p>Produkt der Woche Uvex Sportstyle 702 Wechselscheiben Fahrradbrille. Ob beim Biken auf der Stra\u00dfe, im Gel\u00e4nde oder in der Stadt mit den Radbrillen von uvex ist man f\u00fcr alle sportlichen Aktivit\u00e4ten auf dem Bike bestens ger\u00fcstet. Das kinderleichte Magnetwechselsystem erm\u00f6glicht<span class=\"ellipsis\">&hellip;<\/span><\/p>\n<div class=\"read-more\"><a href=\"https:\/\/www.wecycle.de\/ladenlokal\/allgemein\/produkt-der-woche-uvex-sportstyle-702-wechselscheiben-fahrradbrille\">Weiterlesen \u203a<\/a><\/div>\n<p><!-- end of .read-more --><\/p>\n","protected":false},"author":1,"featured_media":0,"comment_status":"closed","ping_status":"closed","sticky":false,"template":"","format":"standard","meta":{"_acf_changed":false,"footnotes":""},"categories":[1,7],"tags":[],"acf":[],"_links":{"self":[{"href":"https:\/\/www.wecycle.de\/ladenlokal\/wp-json\/wp\/v2\/posts\/1227"}],"collection":[{"href":"https:\/\/www.wecycle.de\/ladenlokal\/wp-json\/wp\/v2\/posts"}],"about":[{"href":"https:\/\/www.wecycle.de\/ladenlokal\/wp-json\/wp\/v2\/types\/post"}],"author":[{"embeddable":true,"href":"https:\/\/www.wecycle.de\/ladenlokal\/wp-json\/wp\/v2\/users\/1"}],"replies":[{"embeddable":true,"href":"https:\/\/www.wecycle.de\/ladenlokal\/wp-json\/wp\/v2\/comments?post=1227"}],"version-history":[{"count":0,"href":"https:\/\/www.wecycle.de\/ladenlokal\/wp-json\/wp\/v2\/posts\/1227\/revisions"}],"wp:attachment":[{"href":"https:\/\/www.wecycle.de\/ladenlokal\/wp-json\/wp\/v2\/media?parent=1227"}],"wp:term":[{"taxonomy":"category","embeddable":true,"href":"https:\/\/www.wecycle.de\/ladenlokal\/wp-json\/wp\/v2\/categories?post=1227"},{"taxonomy":"post_tag","embeddable":true,"href":"https:\/\/www.wecycle.de\/ladenlokal\/wp-json\/wp\/v2\/tags?post=1227"}],"curies":[{"name":"wp","href":"https:\/\/api.w.org\/{rel}","templated":true}]}}