

{"id":1209,"date":"2017-03-21T11:23:13","date_gmt":"2017-03-21T10:23:13","guid":{"rendered":"http:\/\/www.wecycle.de\/ladenlokal\/?p=1209"},"modified":"2017-04-21T13:00:35","modified_gmt":"2017-04-21T11:00:35","slug":"fahrrad-gesundheitstag-am-03-04-2017-im-rivita-gesundheitszentrum-riegelsberg","status":"publish","type":"post","link":"https:\/\/www.wecycle.de\/ladenlokal\/allgemein\/fahrrad-gesundheitstag-am-03-04-2017-im-rivita-gesundheitszentrum-riegelsberg","title":{"rendered":"Fahrrad Gesundheitstag am 03.04.2017 im Rivita Gesundheitszentrum Riegelsberg"},"content":{"rendered":"<p>Wir freuen uns mit Rivita der Praxis f\u00fcr Gesundheitssport am 03.04.2017 einen Fahrrad Gesundheitstag pr\u00e4sentieren zu k\u00f6nnen. Sie werden nicht nur \u00fcber die M\u00f6glichkeiten des Fahrradleasings informiert, sondern k\u00f6nnen sich auch direkt vor Ort individuell beraten lassen und aktuelle E-Bike\/ Pedelecs testen. Rivita erkl\u00e4rt Ihnen aus gesundheitlicher Sicht die Vorz\u00fcge des Fahrradfahrens und wei\u00dft auf ergonomische Aspekte hin.<\/p>\n<blockquote data-secret=\"QheFiBpwna\" class=\"wp-embedded-content\"><p><a href=\"http:\/\/rivita.de\/\">Herzlich Willkommen bei RiVita<\/a><\/p><\/blockquote>\n<p><iframe class=\"wp-embedded-content\" sandbox=\"allow-scripts\" security=\"restricted\" style=\"position: absolute; clip: rect(1px, 1px, 1px, 1px);\" src=\"http:\/\/rivita.de\/embed\/#?secret=QheFiBpwna\" data-secret=\"QheFiBpwna\" width=\"600\" height=\"338\" title=\"&#8222;Herzlich Willkommen bei RiVita&#8220; &#8212; Rivita\" frameborder=\"0\" marginwidth=\"0\" marginheight=\"0\" scrolling=\"no\"><\/iframe><\/p>\n<p>&nbsp;<\/p>\n<p>&nbsp;<\/p>\n","protected":false},"excerpt":{"rendered":"<p>Wir freuen uns mit Rivita der Praxis f\u00fcr Gesundheitssport am 03.04.2017 einen Fahrrad Gesundheitstag pr\u00e4sentieren zu k\u00f6nnen. Sie werden nicht nur \u00fcber die M\u00f6glichkeiten des Fahrradleasings informiert, sondern k\u00f6nnen sich auch direkt vor Ort individuell beraten lassen und aktuelle E-Bike\/<span class=\"ellipsis\">&hellip;<\/span><\/p>\n<div class=\"read-more\"><a href=\"https:\/\/www.wecycle.de\/ladenlokal\/allgemein\/fahrrad-gesundheitstag-am-03-04-2017-im-rivita-gesundheitszentrum-riegelsberg\">Weiterlesen \u203a<\/a><\/div>\n<p><!-- end of .read-more --><\/p>\n","protected":false},"author":1,"featured_media":1210,"comment_status":"closed","ping_status":"closed","sticky":false,"template":"","format":"standard","meta":{"_acf_changed":false,"footnotes":""},"categories":[1],"tags":[],"acf":[],"_links":{"self":[{"href":"https:\/\/www.wecycle.de\/ladenlokal\/wp-json\/wp\/v2\/posts\/1209"}],"collection":[{"href":"https:\/\/www.wecycle.de\/ladenlokal\/wp-json\/wp\/v2\/posts"}],"about":[{"href":"https:\/\/www.wecycle.de\/ladenlokal\/wp-json\/wp\/v2\/types\/post"}],"author":[{"embeddable":true,"href":"https:\/\/www.wecycle.de\/ladenlokal\/wp-json\/wp\/v2\/users\/1"}],"replies":[{"embeddable":true,"href":"https:\/\/www.wecycle.de\/ladenlokal\/wp-json\/wp\/v2\/comments?post=1209"}],"version-history":[{"count":0,"href":"https:\/\/www.wecycle.de\/ladenlokal\/wp-json\/wp\/v2\/posts\/1209\/revisions"}],"wp:featuredmedia":[{"embeddable":true,"href":"https:\/\/www.wecycle.de\/ladenlokal\/wp-json\/wp\/v2\/media\/1210"}],"wp:attachment":[{"href":"https:\/\/www.wecycle.de\/ladenlokal\/wp-json\/wp\/v2\/media?parent=1209"}],"wp:term":[{"taxonomy":"category","embeddable":true,"href":"https:\/\/www.wecycle.de\/ladenlokal\/wp-json\/wp\/v2\/categories?post=1209"},{"taxonomy":"post_tag","embeddable":true,"href":"https:\/\/www.wecycle.de\/ladenlokal\/wp-json\/wp\/v2\/tags?post=1209"}],"curies":[{"name":"wp","href":"https:\/\/api.w.org\/{rel}","templated":true}]}}