

{"id":1205,"date":"2017-03-20T09:07:44","date_gmt":"2017-03-20T08:07:44","guid":{"rendered":"http:\/\/www.wecycle.de\/ladenlokal\/?p=1205"},"modified":"2017-03-20T09:07:44","modified_gmt":"2017-03-20T08:07:44","slug":"produkt-der-woche-roeckl-badida-fahrrad-handschuhe-kurz-schwarz-weiss-2017","status":"publish","type":"post","link":"https:\/\/www.wecycle.de\/ladenlokal\/allgemein\/produkt-der-woche-roeckl-badida-fahrrad-handschuhe-kurz-schwarz-weiss-2017","title":{"rendered":"Produkt der Woche Roeckl Badida Fahrrad Handschuhe kurz schwarz\/ Weiss 2017"},"content":{"rendered":"<div>\n<div class=\"\">\n<div class=\"_1mf _1mj\"><span>\u00a0<\/span><\/div>\n<\/div>\n<div class=\"\">\n<div class=\"_1mf _1mj\"><span>Die Leidenschaft von Roeckl ist es, all den Bikern, alt und jung, langsam oder schnell, entspannt oder ambitioniert, genau den richtigen Handschuh an die Hand zu geben f\u00fcr ihr vorhandenes Rad, die jeweiligen Lenkergriffe, die pers\u00f6nliche Pr\u00e4ferenzen und den ganz individuellen Fahrstill.<\/span><\/div>\n<\/div>\n<div class=\"\">\n<div class=\"_1mf _1mj\"><span>\u00a0<\/span><\/div>\n<\/div>\n<div class=\"\">\n<div class=\"_1mf _1mj\"><span>Sch\u00f6n schlicht: Die Oberhand des BADIA zeigt sich klassisch in Schwarz. Seitliche Eins\u00e4tze aus robustem Spandex setzen dezente Farbakzente. Hingucker: Das silikonisierte H\u00e4ndchen und das ROECKL-Logo als REFLEKT-Druck. Die Innenhand aus DURADERO, einem angenehmen und strapazierf\u00e4higen Synthetiksuede, ist mit hochwertigem Schaumstoff ergonomisch gepolstert und sch\u00fctzt die empfindlichen Innenhandnerven vor Druck und Vibrationen. Die aufw\u00e4ndige, gro\u00dffl\u00e4chige Silikonisierung der Innenhand ist ein Blickfang. Gleichzeitig bietet sie eine hohe Griffigkeit am Lenker. Attraktive Ausstattung zu einem attraktiven Preis: Die Innenhand ist zus\u00e4tzlich mit der nahtlosen Polsterung der druckempfindlichen Daumenbeuge COMFORT-INNOVATION ausgestattet. Der klassische Frotteedaumen rundet die Ausstattung ab.<\/span><\/div>\n<\/div>\n<\/div>\n<div class=\"_1mf _1mj\"><\/div>\n<div class=\"_1mf _1mj\"><img loading=\"lazy\" decoding=\"async\" class=\"alignnone size-medium wp-image-1206\" src=\"http:\/\/www.wecycle.de\/ladenlokal\/wp-content\/uploads\/2017\/03\/oegbbtxnu_p1-265x320.jpg\" alt=\"\" width=\"265\" height=\"320\" srcset=\"https:\/\/www.wecycle.de\/ladenlokal\/wp-content\/uploads\/2017\/03\/oegbbtxnu_p1-265x320.jpg 265w, https:\/\/www.wecycle.de\/ladenlokal\/wp-content\/uploads\/2017\/03\/oegbbtxnu_p1-100x121.jpg 100w, https:\/\/www.wecycle.de\/ladenlokal\/wp-content\/uploads\/2017\/03\/oegbbtxnu_p1-150x181.jpg 150w, https:\/\/www.wecycle.de\/ladenlokal\/wp-content\/uploads\/2017\/03\/oegbbtxnu_p1-200x242.jpg 200w, https:\/\/www.wecycle.de\/ladenlokal\/wp-content\/uploads\/2017\/03\/oegbbtxnu_p1-300x363.jpg 300w, https:\/\/www.wecycle.de\/ladenlokal\/wp-content\/uploads\/2017\/03\/oegbbtxnu_p1-450x544.jpg 450w, https:\/\/www.wecycle.de\/ladenlokal\/wp-content\/uploads\/2017\/03\/oegbbtxnu_p1-600x726.jpg 600w, https:\/\/www.wecycle.de\/ladenlokal\/wp-content\/uploads\/2017\/03\/oegbbtxnu_p1.jpg 827w\" sizes=\"(max-width: 265px) 100vw, 265px\" \/><\/div>\n<div>\n<div class=\"\">\n<div class=\"_1mf _1mj\"><span>\u00a0<\/span><\/div>\n<\/div>\n<div class=\"\">\n<div class=\"_1mf _1mj\"><span class=\"_5zk7\"><span>#wecycle<\/span><\/span> <span class=\"_5zk7\"><span>#wecyclede<\/span><\/span> <span class=\"_5zk7\"><span>#roeckl<\/span><\/span> <span class=\"_5zk7\"><span>#handschuhe<\/span><\/span> <span class=\"_5zk7\"><span>#mountainbike<\/span><\/span> <span class=\"_5zk7\"><span>#rennrad<\/span><\/span> <span class=\"_5zk7\"><span>#trekkingrad<\/span><\/span> <span class=\"_5zk7\"><span>#keinekaputtehaut<\/span><\/span> <span class=\"_5zk7\"><span>#ergonomie<\/span><\/span> <span class=\"_5zk7\"><span>#fahrradhandschuhe<\/span><\/span> <span class=\"_5zk7\"><span>#trainingshandschuhe<\/span><\/span><\/div>\n<\/div>\n<div class=\"\">\n<div class=\"_1mf _1mj\"><span>\u00a0<\/span><\/div>\n<\/div>\n<div class=\"\">\n<div class=\"_1mf _1mj\"><span>http:\/\/www.wecycle.de\/Bekleidung\/Handschuhe\/Roeckl-Badia-Fahrrad-Handschuhe-kurz-schwarz-weiss-2017.html<\/span><\/div>\n<\/div>\n<\/div>\n","protected":false},"excerpt":{"rendered":"<p>\u00a0 Die Leidenschaft von Roeckl ist es, all den Bikern, alt und jung, langsam oder schnell, entspannt oder ambitioniert, genau den richtigen Handschuh an die Hand zu geben f\u00fcr ihr vorhandenes Rad, die jeweiligen Lenkergriffe, die pers\u00f6nliche Pr\u00e4ferenzen und den<span class=\"ellipsis\">&hellip;<\/span><\/p>\n<div class=\"read-more\"><a href=\"https:\/\/www.wecycle.de\/ladenlokal\/allgemein\/produkt-der-woche-roeckl-badida-fahrrad-handschuhe-kurz-schwarz-weiss-2017\">Weiterlesen \u203a<\/a><\/div>\n<p><!-- end of .read-more --><\/p>\n","protected":false},"author":1,"featured_media":0,"comment_status":"closed","ping_status":"closed","sticky":false,"template":"","format":"standard","meta":{"_acf_changed":false,"footnotes":""},"categories":[1,7],"tags":[],"acf":[],"_links":{"self":[{"href":"https:\/\/www.wecycle.de\/ladenlokal\/wp-json\/wp\/v2\/posts\/1205"}],"collection":[{"href":"https:\/\/www.wecycle.de\/ladenlokal\/wp-json\/wp\/v2\/posts"}],"about":[{"href":"https:\/\/www.wecycle.de\/ladenlokal\/wp-json\/wp\/v2\/types\/post"}],"author":[{"embeddable":true,"href":"https:\/\/www.wecycle.de\/ladenlokal\/wp-json\/wp\/v2\/users\/1"}],"replies":[{"embeddable":true,"href":"https:\/\/www.wecycle.de\/ladenlokal\/wp-json\/wp\/v2\/comments?post=1205"}],"version-history":[{"count":0,"href":"https:\/\/www.wecycle.de\/ladenlokal\/wp-json\/wp\/v2\/posts\/1205\/revisions"}],"wp:attachment":[{"href":"https:\/\/www.wecycle.de\/ladenlokal\/wp-json\/wp\/v2\/media?parent=1205"}],"wp:term":[{"taxonomy":"category","embeddable":true,"href":"https:\/\/www.wecycle.de\/ladenlokal\/wp-json\/wp\/v2\/categories?post=1205"},{"taxonomy":"post_tag","embeddable":true,"href":"https:\/\/www.wecycle.de\/ladenlokal\/wp-json\/wp\/v2\/tags?post=1205"}],"curies":[{"name":"wp","href":"https:\/\/api.w.org\/{rel}","templated":true}]}}