

{"id":1178,"date":"2017-02-28T13:10:45","date_gmt":"2017-02-28T12:10:45","guid":{"rendered":"http:\/\/www.wecycle.de\/ladenlokal\/?p=1178"},"modified":"2017-03-01T13:27:38","modified_gmt":"2017-03-01T12:27:38","slug":"produkt-der-woche-scott-hilite-280-fahrrad-satteltasche","status":"publish","type":"post","link":"https:\/\/www.wecycle.de\/ladenlokal\/allgemein\/produkt-der-woche-scott-hilite-280-fahrrad-satteltasche","title":{"rendered":"Produkt der Woche Scott HILITE 280 Fahrrad Satteltasche"},"content":{"rendered":"<p>Brech aus dem Alltag aus und entdecke neue Stra\u00dfen, Trails und Gegenden. Egal wo es hingeht, SCOTT hat die richtige Tasche f\u00fcr dich. Von der Travel- \u00fcber die Tech- und Hydrobags bis hin zu Satteltaschen und Urban Bags, SCOTT sorgt daf\u00fcr dass Fahrer und Bike gut versorgt sind. Die mittelgro\u00dfe SCOTT HiLite 280 Satteltasche wurde aus wasserdichten und schmutzabweisenden Materialien zum Schutz des Tascheninhalts gefertigt. Das Befestigungssystem bietet f\u00fcr jeden Sattel und alle Sattelst\u00fctzen- Einstellungen eine universelle Passform somit ist die Satteltasche immer und \u00fcberall mit dabei.<\/p>\n<p>#wecycle #wecyclede #scott #scottracing #rennrad #mountainbike<\/p>\n<p>http:\/\/www.wecycle.de\/Zubehoer\/Scott-HiLite-280-Fahrrad-Satteltasche-schwarz.html<\/p>\n<p><img loading=\"lazy\" decoding=\"async\" class=\"alignnone size-medium wp-image-1180\" src=\"http:\/\/www.wecycle.de\/ladenlokal\/wp-content\/uploads\/2017\/02\/xhgsamcqs_p1-320x320.jpg\" alt=\"\" width=\"320\" height=\"320\" srcset=\"https:\/\/www.wecycle.de\/ladenlokal\/wp-content\/uploads\/2017\/02\/xhgsamcqs_p1-320x320.jpg 320w, https:\/\/www.wecycle.de\/ladenlokal\/wp-content\/uploads\/2017\/02\/xhgsamcqs_p1-150x150.jpg 150w, https:\/\/www.wecycle.de\/ladenlokal\/wp-content\/uploads\/2017\/02\/xhgsamcqs_p1-100x100.jpg 100w, https:\/\/www.wecycle.de\/ladenlokal\/wp-content\/uploads\/2017\/02\/xhgsamcqs_p1-200x200.jpg 200w, https:\/\/www.wecycle.de\/ladenlokal\/wp-content\/uploads\/2017\/02\/xhgsamcqs_p1-300x300.jpg 300w, https:\/\/www.wecycle.de\/ladenlokal\/wp-content\/uploads\/2017\/02\/xhgsamcqs_p1-450x450.jpg 450w, https:\/\/www.wecycle.de\/ladenlokal\/wp-content\/uploads\/2017\/02\/xhgsamcqs_p1-600x600.jpg 600w, https:\/\/www.wecycle.de\/ladenlokal\/wp-content\/uploads\/2017\/02\/xhgsamcqs_p1-900x900.jpg 900w, https:\/\/www.wecycle.de\/ladenlokal\/wp-content\/uploads\/2017\/02\/xhgsamcqs_p1.jpg 1000w\" sizes=\"(max-width: 320px) 100vw, 320px\" \/><\/p>\n<p>&nbsp;<\/p>\n<p>&nbsp;<\/p>\n","protected":false},"excerpt":{"rendered":"<p>Brech aus dem Alltag aus und entdecke neue Stra\u00dfen, Trails und Gegenden. Egal wo es hingeht, SCOTT hat die richtige Tasche f\u00fcr dich. Von der Travel- \u00fcber die Tech- und Hydrobags bis hin zu Satteltaschen und Urban Bags, SCOTT sorgt<span class=\"ellipsis\">&hellip;<\/span><\/p>\n<div class=\"read-more\"><a href=\"https:\/\/www.wecycle.de\/ladenlokal\/allgemein\/produkt-der-woche-scott-hilite-280-fahrrad-satteltasche\">Weiterlesen \u203a<\/a><\/div>\n<p><!-- end of .read-more --><\/p>\n","protected":false},"author":1,"featured_media":0,"comment_status":"closed","ping_status":"closed","sticky":false,"template":"","format":"standard","meta":{"_acf_changed":false,"footnotes":""},"categories":[1,7],"tags":[],"acf":[],"_links":{"self":[{"href":"https:\/\/www.wecycle.de\/ladenlokal\/wp-json\/wp\/v2\/posts\/1178"}],"collection":[{"href":"https:\/\/www.wecycle.de\/ladenlokal\/wp-json\/wp\/v2\/posts"}],"about":[{"href":"https:\/\/www.wecycle.de\/ladenlokal\/wp-json\/wp\/v2\/types\/post"}],"author":[{"embeddable":true,"href":"https:\/\/www.wecycle.de\/ladenlokal\/wp-json\/wp\/v2\/users\/1"}],"replies":[{"embeddable":true,"href":"https:\/\/www.wecycle.de\/ladenlokal\/wp-json\/wp\/v2\/comments?post=1178"}],"version-history":[{"count":0,"href":"https:\/\/www.wecycle.de\/ladenlokal\/wp-json\/wp\/v2\/posts\/1178\/revisions"}],"wp:attachment":[{"href":"https:\/\/www.wecycle.de\/ladenlokal\/wp-json\/wp\/v2\/media?parent=1178"}],"wp:term":[{"taxonomy":"category","embeddable":true,"href":"https:\/\/www.wecycle.de\/ladenlokal\/wp-json\/wp\/v2\/categories?post=1178"},{"taxonomy":"post_tag","embeddable":true,"href":"https:\/\/www.wecycle.de\/ladenlokal\/wp-json\/wp\/v2\/tags?post=1178"}],"curies":[{"name":"wp","href":"https:\/\/api.w.org\/{rel}","templated":true}]}}