

{"id":1169,"date":"2017-02-20T15:33:07","date_gmt":"2017-02-20T14:33:07","guid":{"rendered":"http:\/\/www.wecycle.de\/ladenlokal\/?p=1169"},"modified":"2017-03-01T13:27:49","modified_gmt":"2017-03-01T12:27:49","slug":"produkt-der-woche-northwave-breeze-pro-fahrrad-windjacke-schwarz-transparent","status":"publish","type":"post","link":"https:\/\/www.wecycle.de\/ladenlokal\/allgemein\/produkt-der-woche-northwave-breeze-pro-fahrrad-windjacke-schwarz-transparent","title":{"rendered":"Produkt der Woche Northwave Breeze Pro Fahrrad Windjacke schwarz\/ transparent"},"content":{"rendered":"<p>Produkt der Woche Northwave Breeze Pro Fahrrad Windjacke schwarz\/ transparent<\/p>\n<p>Northwave ist stolz darauf die neue Kollektion von wetterfester Bekleidung zu pr\u00e4sentieren. Northwave hat 2 Linien entwickelt: PRO und MULTIFUNCTION. Die PRO Linie wurde f\u00fcr Sportler entwickelt, die technische, hochwertige Bekleidung suchen, um das Beste aus jeder Ausfahrt heraus zu holen. Die MULTIFUNCTION Linie wurde entwickelt um allen, die sich drau\u00dfen bewegen, passende Bekleidung f\u00fcr jedes Wetter anzubieten, um sich nicht vom Biken, Laufen oder Gehen abhalten lassen zu m\u00fcssen und gleichzeitig gut aus zu sehen.<\/p>\n<p>http:\/\/www.wecycle.de\/Bekleidung\/Jacken-Westen\/Windjacken\/Northwave-Breeze-Pro-Fahrrad-Windjacke-transparent.html<\/p>\n<p>&nbsp;<\/p>\n<p>&nbsp;<\/p>\n<p><img loading=\"lazy\" decoding=\"async\" class=\"alignnone size-medium wp-image-1170\" src=\"http:\/\/www.wecycle.de\/ladenlokal\/wp-content\/uploads\/2017\/02\/jlrnwrkfv_p1-262x320.jpg\" alt=\"\" width=\"262\" height=\"320\" srcset=\"https:\/\/www.wecycle.de\/ladenlokal\/wp-content\/uploads\/2017\/02\/jlrnwrkfv_p1-262x320.jpg 262w, https:\/\/www.wecycle.de\/ladenlokal\/wp-content\/uploads\/2017\/02\/jlrnwrkfv_p1-100x122.jpg 100w, https:\/\/www.wecycle.de\/ladenlokal\/wp-content\/uploads\/2017\/02\/jlrnwrkfv_p1-150x183.jpg 150w, https:\/\/www.wecycle.de\/ladenlokal\/wp-content\/uploads\/2017\/02\/jlrnwrkfv_p1-200x244.jpg 200w, https:\/\/www.wecycle.de\/ladenlokal\/wp-content\/uploads\/2017\/02\/jlrnwrkfv_p1-300x366.jpg 300w, https:\/\/www.wecycle.de\/ladenlokal\/wp-content\/uploads\/2017\/02\/jlrnwrkfv_p1-450x549.jpg 450w, https:\/\/www.wecycle.de\/ladenlokal\/wp-content\/uploads\/2017\/02\/jlrnwrkfv_p1-600x733.jpg 600w, https:\/\/www.wecycle.de\/ladenlokal\/wp-content\/uploads\/2017\/02\/jlrnwrkfv_p1.jpg 819w\" sizes=\"(max-width: 262px) 100vw, 262px\" \/><\/p>\n<div id=\"attachment_1171\" style=\"width: 269px\" class=\"wp-caption alignnone\"><img loading=\"lazy\" decoding=\"async\" aria-describedby=\"caption-attachment-1171\" class=\"size-medium wp-image-1171\" src=\"http:\/\/www.wecycle.de\/ladenlokal\/wp-content\/uploads\/2017\/02\/xgicdsdmb_p1-259x320.jpg\" alt=\"\" width=\"259\" height=\"320\" srcset=\"https:\/\/www.wecycle.de\/ladenlokal\/wp-content\/uploads\/2017\/02\/xgicdsdmb_p1-259x320.jpg 259w, https:\/\/www.wecycle.de\/ladenlokal\/wp-content\/uploads\/2017\/02\/xgicdsdmb_p1-100x123.jpg 100w, https:\/\/www.wecycle.de\/ladenlokal\/wp-content\/uploads\/2017\/02\/xgicdsdmb_p1-150x185.jpg 150w, https:\/\/www.wecycle.de\/ladenlokal\/wp-content\/uploads\/2017\/02\/xgicdsdmb_p1-200x247.jpg 200w, https:\/\/www.wecycle.de\/ladenlokal\/wp-content\/uploads\/2017\/02\/xgicdsdmb_p1-300x370.jpg 300w, https:\/\/www.wecycle.de\/ladenlokal\/wp-content\/uploads\/2017\/02\/xgicdsdmb_p1-450x556.jpg 450w, https:\/\/www.wecycle.de\/ladenlokal\/wp-content\/uploads\/2017\/02\/xgicdsdmb_p1-600x741.jpg 600w, https:\/\/www.wecycle.de\/ladenlokal\/wp-content\/uploads\/2017\/02\/xgicdsdmb_p1.jpg 810w\" sizes=\"(max-width: 259px) 100vw, 259px\" \/><p id=\"caption-attachment-1171\" class=\"wp-caption-text\">175<\/p><\/div>\n","protected":false},"excerpt":{"rendered":"<p>Produkt der Woche Northwave Breeze Pro Fahrrad Windjacke schwarz\/ transparent Northwave ist stolz darauf die neue Kollektion von wetterfester Bekleidung zu pr\u00e4sentieren. Northwave hat 2 Linien entwickelt: PRO und MULTIFUNCTION. Die PRO Linie wurde f\u00fcr Sportler entwickelt, die technische, hochwertige<span class=\"ellipsis\">&hellip;<\/span><\/p>\n<div class=\"read-more\"><a href=\"https:\/\/www.wecycle.de\/ladenlokal\/allgemein\/produkt-der-woche-northwave-breeze-pro-fahrrad-windjacke-schwarz-transparent\">Weiterlesen \u203a<\/a><\/div>\n<p><!-- end of .read-more --><\/p>\n","protected":false},"author":1,"featured_media":0,"comment_status":"closed","ping_status":"closed","sticky":false,"template":"","format":"standard","meta":{"_acf_changed":false,"footnotes":""},"categories":[1,7],"tags":[],"acf":[],"_links":{"self":[{"href":"https:\/\/www.wecycle.de\/ladenlokal\/wp-json\/wp\/v2\/posts\/1169"}],"collection":[{"href":"https:\/\/www.wecycle.de\/ladenlokal\/wp-json\/wp\/v2\/posts"}],"about":[{"href":"https:\/\/www.wecycle.de\/ladenlokal\/wp-json\/wp\/v2\/types\/post"}],"author":[{"embeddable":true,"href":"https:\/\/www.wecycle.de\/ladenlokal\/wp-json\/wp\/v2\/users\/1"}],"replies":[{"embeddable":true,"href":"https:\/\/www.wecycle.de\/ladenlokal\/wp-json\/wp\/v2\/comments?post=1169"}],"version-history":[{"count":0,"href":"https:\/\/www.wecycle.de\/ladenlokal\/wp-json\/wp\/v2\/posts\/1169\/revisions"}],"wp:attachment":[{"href":"https:\/\/www.wecycle.de\/ladenlokal\/wp-json\/wp\/v2\/media?parent=1169"}],"wp:term":[{"taxonomy":"category","embeddable":true,"href":"https:\/\/www.wecycle.de\/ladenlokal\/wp-json\/wp\/v2\/categories?post=1169"},{"taxonomy":"post_tag","embeddable":true,"href":"https:\/\/www.wecycle.de\/ladenlokal\/wp-json\/wp\/v2\/tags?post=1169"}],"curies":[{"name":"wp","href":"https:\/\/api.w.org\/{rel}","templated":true}]}}