

{"id":1134,"date":"2017-02-14T14:06:29","date_gmt":"2017-02-14T13:06:29","guid":{"rendered":"http:\/\/www.wecycle.de\/ladenlokal\/?p=1134"},"modified":"2017-02-14T15:01:20","modified_gmt":"2017-02-14T14:01:20","slug":"aktion-winterinspektion","status":"publish","type":"post","link":"https:\/\/www.wecycle.de\/ladenlokal\/allgemein\/aktion-winterinspektion","title":{"rendered":"Aktion &#8211; Winterinspektion"},"content":{"rendered":"<p><img loading=\"lazy\" decoding=\"async\" class=\"size-full wp-image-450\" src=\"http:\/\/www.wecycle.de\/ladenlokal\/wp-content\/uploads\/2016\/02\/wecycle_werkstatt_slider_1.jpg\" alt=\"\" width=\"712\" height=\"250\" srcset=\"https:\/\/www.wecycle.de\/ladenlokal\/wp-content\/uploads\/2016\/02\/wecycle_werkstatt_slider_1.jpg 712w, https:\/\/www.wecycle.de\/ladenlokal\/wp-content\/uploads\/2016\/02\/wecycle_werkstatt_slider_1-320x112.jpg 320w, https:\/\/www.wecycle.de\/ladenlokal\/wp-content\/uploads\/2016\/02\/wecycle_werkstatt_slider_1-100x35.jpg 100w, https:\/\/www.wecycle.de\/ladenlokal\/wp-content\/uploads\/2016\/02\/wecycle_werkstatt_slider_1-150x53.jpg 150w, https:\/\/www.wecycle.de\/ladenlokal\/wp-content\/uploads\/2016\/02\/wecycle_werkstatt_slider_1-200x70.jpg 200w, https:\/\/www.wecycle.de\/ladenlokal\/wp-content\/uploads\/2016\/02\/wecycle_werkstatt_slider_1-300x105.jpg 300w, https:\/\/www.wecycle.de\/ladenlokal\/wp-content\/uploads\/2016\/02\/wecycle_werkstatt_slider_1-450x158.jpg 450w, https:\/\/www.wecycle.de\/ladenlokal\/wp-content\/uploads\/2016\/02\/wecycle_werkstatt_slider_1-600x211.jpg 600w\" sizes=\"(max-width: 712px) 100vw, 712px\" \/><\/p>\n<p><img loading=\"lazy\" decoding=\"async\" class=\"alignright wp-image-1149\" src=\"http:\/\/www.wecycle.de\/ladenlokal\/wp-content\/uploads\/2017\/02\/A1_Aufsteller_Winterinspektion_Final-247x320.png\" width=\"310\" height=\"401\" srcset=\"https:\/\/www.wecycle.de\/ladenlokal\/wp-content\/uploads\/2017\/02\/A1_Aufsteller_Winterinspektion_Final-247x320.png 247w, https:\/\/www.wecycle.de\/ladenlokal\/wp-content\/uploads\/2017\/02\/A1_Aufsteller_Winterinspektion_Final-791x1024.png 791w, https:\/\/www.wecycle.de\/ladenlokal\/wp-content\/uploads\/2017\/02\/A1_Aufsteller_Winterinspektion_Final-100x129.png 100w, https:\/\/www.wecycle.de\/ladenlokal\/wp-content\/uploads\/2017\/02\/A1_Aufsteller_Winterinspektion_Final-150x194.png 150w, https:\/\/www.wecycle.de\/ladenlokal\/wp-content\/uploads\/2017\/02\/A1_Aufsteller_Winterinspektion_Final-200x259.png 200w, https:\/\/www.wecycle.de\/ladenlokal\/wp-content\/uploads\/2017\/02\/A1_Aufsteller_Winterinspektion_Final-300x388.png 300w, https:\/\/www.wecycle.de\/ladenlokal\/wp-content\/uploads\/2017\/02\/A1_Aufsteller_Winterinspektion_Final-450x582.png 450w, https:\/\/www.wecycle.de\/ladenlokal\/wp-content\/uploads\/2017\/02\/A1_Aufsteller_Winterinspektion_Final-600x776.png 600w, https:\/\/www.wecycle.de\/ladenlokal\/wp-content\/uploads\/2017\/02\/A1_Aufsteller_Winterinspektion_Final.png 850w\" sizes=\"(max-width: 310px) 100vw, 310px\" \/><\/p>\n<h2>Unsere Winterinspektion (Gilt vom 13.02.2017 bis 28.02.2017):<\/h2>\n<div id=\"widgets\">\n<div id=\"home_widget_1\" class=\"grid \">\n<div class=\"widget-wrapper-werkstatt\">\n<div class=\"widget-title-werkstatt\">\n<h3>Winterinspektion<\/h3>\n<\/div>\n<div class=\"textwidget\">\n<ul>\n<li>Schaltung einstellen<\/li>\n<li>Kette reinigen + \u00f6len<\/li>\n<li>Bremsen einstellen<\/li>\n<li>Laufr\u00e4der zentrieren<\/li>\n<li>Steuerlager einstellen<\/li>\n<li>Lager einstellen<\/li>\n<li>Federelemente Check<\/li>\n<li>Verschlei\u00df Kontrolle<\/li>\n<li>Beleuchtungs- Check<\/li>\n<li>Schrauben kontrollieren<\/li>\n<li>Luftdruck pr\u00fcfen<\/li>\n<li>Probefahrt<\/li>\n<\/ul>\n<\/div>\n<hr style=\"border: solid #c4c4c4 1px; height: 1px;\" \/>\n<div class=\"werkstattpreis\">39 \u20ac<\/div>\n<\/div>\n<p><!-- end of .widget-wrapper --><\/p>\n<\/div>\n<\/div>\n","protected":false},"excerpt":{"rendered":"<p>Unsere Winterinspektion (Gilt vom 13.02.2017 bis 28.02.2017): Winterinspektion Schaltung einstellen Kette reinigen + \u00f6len Bremsen einstellen Laufr\u00e4der zentrieren Steuerlager einstellen Lager einstellen Federelemente Check Verschlei\u00df Kontrolle Beleuchtungs- Check Schrauben kontrollieren Luftdruck pr\u00fcfen Probefahrt 39 \u20ac<\/p>\n","protected":false},"author":1,"featured_media":0,"comment_status":"closed","ping_status":"closed","sticky":false,"template":"","format":"standard","meta":{"_acf_changed":false,"footnotes":""},"categories":[1],"tags":[],"acf":[],"_links":{"self":[{"href":"https:\/\/www.wecycle.de\/ladenlokal\/wp-json\/wp\/v2\/posts\/1134"}],"collection":[{"href":"https:\/\/www.wecycle.de\/ladenlokal\/wp-json\/wp\/v2\/posts"}],"about":[{"href":"https:\/\/www.wecycle.de\/ladenlokal\/wp-json\/wp\/v2\/types\/post"}],"author":[{"embeddable":true,"href":"https:\/\/www.wecycle.de\/ladenlokal\/wp-json\/wp\/v2\/users\/1"}],"replies":[{"embeddable":true,"href":"https:\/\/www.wecycle.de\/ladenlokal\/wp-json\/wp\/v2\/comments?post=1134"}],"version-history":[{"count":0,"href":"https:\/\/www.wecycle.de\/ladenlokal\/wp-json\/wp\/v2\/posts\/1134\/revisions"}],"wp:attachment":[{"href":"https:\/\/www.wecycle.de\/ladenlokal\/wp-json\/wp\/v2\/media?parent=1134"}],"wp:term":[{"taxonomy":"category","embeddable":true,"href":"https:\/\/www.wecycle.de\/ladenlokal\/wp-json\/wp\/v2\/categories?post=1134"},{"taxonomy":"post_tag","embeddable":true,"href":"https:\/\/www.wecycle.de\/ladenlokal\/wp-json\/wp\/v2\/tags?post=1134"}],"curies":[{"name":"wp","href":"https:\/\/api.w.org\/{rel}","templated":true}]}}