

{"id":1127,"date":"2017-02-07T09:41:03","date_gmt":"2017-02-07T08:41:03","guid":{"rendered":"http:\/\/www.wecycle.de\/ladenlokal\/?p=1127"},"modified":"2017-02-07T09:41:03","modified_gmt":"2017-02-07T08:41:03","slug":"produkt-der-woche-cube-freizeit-softshell-jacke","status":"publish","type":"post","link":"https:\/\/www.wecycle.de\/ladenlokal\/allgemein\/produkt-der-woche-cube-freizeit-softshell-jacke","title":{"rendered":"Produkt der Woche Cube Freizeit Softshell Jacke"},"content":{"rendered":"<p>Um auch nach dem Training optimal vor Wind und Wetter gesch\u00fctzt zu sein,<\/p>\n<p>bietet Cube mit der hochwertigen After Race Series den optimalen Schutz.<\/p>\n<p>Mit den l\u00e4ssigen Schnitten, bequemen und strapazierf\u00e4higen Stoffen und der durchdachten<\/p>\n<p>Konstruktionist man mit den After Race Kleidungsst\u00fccken immer passend angezogen, egal ob<\/p>\n<p>zur Arbeit, zum Radfahren oder zum Relaxen nach dem Sport.<\/p>\n<p><strong>Merkmale: <\/strong><\/p>\n<ul>\n<li>2 gro\u00dfe Fronttaschen mit Zipper<\/li>\n<li>Frontrei\u00dfverschluss mit Zippergarage<\/li>\n<li>Schutz gegen Windund N\u00e4sse bei gleichzeitig hoher Atmungsaktivit\u00e4t<\/li>\n<li>Weitenregulierung der \u00c4rmel durch Klett<\/li>\n<li>Elastischer Tunnelzug an Saum und Kapuze<\/li>\n<li>Kapuze mit Krempe<\/li>\n<\/ul>\n<p><img loading=\"lazy\" decoding=\"async\" class=\"alignnone size-medium wp-image-1128\" src=\"http:\/\/www.wecycle.de\/ladenlokal\/wp-content\/uploads\/2017\/02\/vypkweesl_p2-320x195.jpg\" alt=\"\" width=\"320\" height=\"195\" srcset=\"https:\/\/www.wecycle.de\/ladenlokal\/wp-content\/uploads\/2017\/02\/vypkweesl_p2-320x195.jpg 320w, https:\/\/www.wecycle.de\/ladenlokal\/wp-content\/uploads\/2017\/02\/vypkweesl_p2-100x61.jpg 100w, https:\/\/www.wecycle.de\/ladenlokal\/wp-content\/uploads\/2017\/02\/vypkweesl_p2-150x92.jpg 150w, https:\/\/www.wecycle.de\/ladenlokal\/wp-content\/uploads\/2017\/02\/vypkweesl_p2-200x122.jpg 200w, https:\/\/www.wecycle.de\/ladenlokal\/wp-content\/uploads\/2017\/02\/vypkweesl_p2-300x183.jpg 300w, https:\/\/www.wecycle.de\/ladenlokal\/wp-content\/uploads\/2017\/02\/vypkweesl_p2-450x275.jpg 450w, https:\/\/www.wecycle.de\/ladenlokal\/wp-content\/uploads\/2017\/02\/vypkweesl_p2-600x366.jpg 600w, https:\/\/www.wecycle.de\/ladenlokal\/wp-content\/uploads\/2017\/02\/vypkweesl_p2-900x549.jpg 900w, https:\/\/www.wecycle.de\/ladenlokal\/wp-content\/uploads\/2017\/02\/vypkweesl_p2.jpg 1000w\" sizes=\"(max-width: 320px) 100vw, 320px\" \/><\/p>\n<p>#wecycle #wecyclede #cube #cuberacing #cubeafterrace #cubemountainbike #cuberennrad<\/p>\n<p>#afterrace #softshell<\/p>\n<p>http:\/\/www.wecycle.de\/Bekleidung\/Casualwear\/Cube-Freizeit-Softshell-Jacke-schwarz-2017.html<\/p>\n<p>&nbsp;<\/p>\n","protected":false},"excerpt":{"rendered":"<p>Um auch nach dem Training optimal vor Wind und Wetter gesch\u00fctzt zu sein, bietet Cube mit der hochwertigen After Race Series den optimalen Schutz. Mit den l\u00e4ssigen Schnitten, bequemen und strapazierf\u00e4higen Stoffen und der durchdachten Konstruktionist man mit den After<span class=\"ellipsis\">&hellip;<\/span><\/p>\n<div class=\"read-more\"><a href=\"https:\/\/www.wecycle.de\/ladenlokal\/allgemein\/produkt-der-woche-cube-freizeit-softshell-jacke\">Weiterlesen \u203a<\/a><\/div>\n<p><!-- end of .read-more --><\/p>\n","protected":false},"author":1,"featured_media":0,"comment_status":"closed","ping_status":"closed","sticky":false,"template":"","format":"standard","meta":{"_acf_changed":false,"footnotes":""},"categories":[1,7],"tags":[],"acf":[],"_links":{"self":[{"href":"https:\/\/www.wecycle.de\/ladenlokal\/wp-json\/wp\/v2\/posts\/1127"}],"collection":[{"href":"https:\/\/www.wecycle.de\/ladenlokal\/wp-json\/wp\/v2\/posts"}],"about":[{"href":"https:\/\/www.wecycle.de\/ladenlokal\/wp-json\/wp\/v2\/types\/post"}],"author":[{"embeddable":true,"href":"https:\/\/www.wecycle.de\/ladenlokal\/wp-json\/wp\/v2\/users\/1"}],"replies":[{"embeddable":true,"href":"https:\/\/www.wecycle.de\/ladenlokal\/wp-json\/wp\/v2\/comments?post=1127"}],"version-history":[{"count":0,"href":"https:\/\/www.wecycle.de\/ladenlokal\/wp-json\/wp\/v2\/posts\/1127\/revisions"}],"wp:attachment":[{"href":"https:\/\/www.wecycle.de\/ladenlokal\/wp-json\/wp\/v2\/media?parent=1127"}],"wp:term":[{"taxonomy":"category","embeddable":true,"href":"https:\/\/www.wecycle.de\/ladenlokal\/wp-json\/wp\/v2\/categories?post=1127"},{"taxonomy":"post_tag","embeddable":true,"href":"https:\/\/www.wecycle.de\/ladenlokal\/wp-json\/wp\/v2\/tags?post=1127"}],"curies":[{"name":"wp","href":"https:\/\/api.w.org\/{rel}","templated":true}]}}